{"id":27917,"date":"2020-08-17T09:56:54","date_gmt":"2020-08-17T13:56:54","guid":{"rendered":"https:\/\/www.muniancud.cl\/portal\/?p=27917"},"modified":"2020-08-17T09:56:54","modified_gmt":"2020-08-17T13:56:54","slug":"alcalde-de-ancud-aborda-junto-a-director-regional-de-obras-portuarias-y-pescadores-el-embancamiento-en-rio-pudeto","status":"publish","type":"post","link":"https:\/\/www.muniancud.cl\/portal\/alcalde-de-ancud-aborda-junto-a-director-regional-de-obras-portuarias-y-pescadores-el-embancamiento-en-rio-pudeto\/","title":{"rendered":"Alcalde de Ancud aborda junto a Director Regional de Obras Portuarias y pescadores el embancamiento en rio Pudeto"},"content":{"rendered":"<p>Durante la jornada de hoy, el Alcalde de la comuna de Ancud, Calos G\u00f3mez Miranda, junto al Director regional obras portuarias, Mat\u00edas Gonz\u00e1lez, se mostraron dispuestos a buscar una soluci\u00f3n en conjunto con todas las instituciones que sean necesarias, al problema de embancamiento de arenas, sedimentos y escombros que produce la en el lecho del r\u00edo Pudeto de esta comuna.<\/p>\n<p>As\u00ed lo manifest\u00f3 el edil ancuditano al visitar la zona de Pudeto Bajo en Ancud, para conocer las implicancias de esta situaci\u00f3n que afecta a pescadores artesanales y agricultores de algas y recolectores de orilla que desarrollan sus actividades econ\u00f3micas en la ribera del r\u00edo del norte de la isla.<\/p>\n<p>\u201cEste tema, que nace de las organizaciones de la pesca artesanal, de sus sindicatos, hace ya varios meses atr\u00e1s, y tiene que ver principalmente con el embancamiento que se ha estado dando desde hace alg\u00fan tiempo a la fecha y que impide el normal tr\u00e1fico de navegaci\u00f3n que tienen los pescadores artesanales. Pero tambi\u00e9n influye en todo lo que son los cultivos de algas, principalmente el pelillo, (agricultores) que se han visto muy da\u00f1ados en \u00a0su fuente laboral, y \u00a0producto de aquello, es que nos han convocado a las instituciones con el fin de que en conjunto podamos encontrar una soluci\u00f3n para este tema, \u201c declar\u00f3 el jefe comunal.<\/p>\n<p>El Alcalde G\u00f3mez destac\u00f3, adem\u00e1s, la buena voluntad que ha expresado el Director de Obras Portuarias para conocer este requerimiento y la celeridad para observar en terreno lo que est\u00e1 ocurriendo y colaborar en todo el trabajo que se pueda llevar adelante, \u201cen el entendido de que esto no solamente es competencia de un servicio como Obras Portuarias por ejemplo, sino son muchos otros los organismos p\u00fablicos que deben estar involucrados, y en conjunto, trabajar una soluci\u00f3n a esta inquietud que nos han planteado la gente de la pesca artesanal\u201d.<\/p>\n<p>El edil indic\u00f3 que la Oficina de Pesca de la Municipalidad de Ancud ha estado trabajando hace bastante tiempo en este tema, teniendo un contacto permanente con las organizaciones, agregando que este es un trabajo a largo plazo y solicitando a las organizaciones y sus asociados tener paciencia, aclarando que \u00a0la mesa que se hab\u00eda comprometido en el mes de febrero de este a\u00f1o, se va a retomar, se va a constituir y va a sesionar a fines de agosto. \u201cPara eso nosotros vamos a coordinar todos los organismos p\u00fablicos, para que tengan el m\u00e1ximo de participaci\u00f3n y sea lo m\u00e1s efectivo posible\u201d, asever\u00f3.<\/p>\n<p>En tanto, el Director Regional Obras Portuarias, Mat\u00edas Gonz\u00e1lez, se\u00f1al\u00f3 que debido a la pandemia s\u00f3lo hasta ahora se realiz\u00f3 la visita al sector, para analizar un problema que es bastante complejo. Explic\u00f3 el personero estatal que en esta situaci\u00f3n son parte varias organizaciones del Estado. \u201cA nosotros como Direcci\u00f3n de Obras Portuarias, se nos ha planteado lo que tiene que ver con el embancamiento que se generaba el acceso al r\u00edo Pudeto.\u00a0 Y en ese sentido estamos ac\u00e1\u00a0hoy\u00a0d\u00eda para -primero- entender un poco m\u00e1s en detalle la \u00a0problem\u00e1tica, pero tambi\u00e9n empezar a coordinar acciones que nos permitan, principalmente, en este punto poder analizar alguna soluci\u00f3n probable de corto o largo plazo que vamos a empezar a trabajar. Es un tema muy complejo el de los flujos de agua en general. Tiene que analizarse muy bien, no llegar y hacer un dragado como se plantea, sin antes pensar en los efectos que este pueda tener sobre todo aguas arriba donde tiene el cultivo los pescadores, entonces es un tema sensible\u201d.<\/p>\n<p>Gonz\u00e1lez se comprometi\u00f3 a analizar lo que ocurre en el acceso de la barra, para asegurar la v\u00eda de navegaci\u00f3n que est\u00e1 presentando problemas para los pescadores para el ingreso y salida del r\u00edo. \u201cLa pr\u00f3xima semana va a venir un\u00a0equipo nuestro de la direcci\u00f3n regional a hacer una batimetr\u00eda (medici\u00f3n de las profundidades marinas para determinar la topograf\u00eda del fondo del mar) en un sector, que es lo primero que nosotros necesitamos para empezar a dimensionar vol\u00famenes, etc. Eso es lo primero que tenemos, respecto estudios hay que empezar a trabajar con otros organismos\u201d, concluy\u00f3 la autoridad regional.<\/p>\n<p>&nbsp;<\/p>\n","protected":false},"excerpt":{"rendered":"<p>Durante la jornada de hoy, el Alcalde de la comuna de Ancud, Calos G\u00f3mez Miranda, junto al Director regional obras portuarias, Mat\u00edas Gonz\u00e1lez, se mostraron dispuestos a buscar una soluci\u00f3n en conjunto con todas las instituciones que sean necesarias, al problema de embancamiento de arenas, sedimentos y escombros que produce la en el lecho del [&hellip;]<\/p>\n","protected":false},"author":7,"featured_media":27924,"comment_status":"closed","ping_status":"closed","sticky":false,"template":"","format":"standard","meta":{"footnotes":""},"categories":[30,4,29],"tags":[],"class_list":["post-27917","post","type-post","status-publish","format-standard","has-post-thumbnail","hentry","category-operaciones","category-sala-de-prensa","category-secplan"],"_links":{"self":[{"href":"https:\/\/www.muniancud.cl\/portal\/wp-json\/wp\/v2\/posts\/27917","targetHints":{"allow":["GET"]}}],"collection":[{"href":"https:\/\/www.muniancud.cl\/portal\/wp-json\/wp\/v2\/posts"}],"about":[{"href":"https:\/\/www.muniancud.cl\/portal\/wp-json\/wp\/v2\/types\/post"}],"author":[{"embeddable":true,"href":"https:\/\/www.muniancud.cl\/portal\/wp-json\/wp\/v2\/users\/7"}],"replies":[{"embeddable":true,"href":"https:\/\/www.muniancud.cl\/portal\/wp-json\/wp\/v2\/comments?post=27917"}],"version-history":[{"count":1,"href":"https:\/\/www.muniancud.cl\/portal\/wp-json\/wp\/v2\/posts\/27917\/revisions"}],"predecessor-version":[{"id":27925,"href":"https:\/\/www.muniancud.cl\/portal\/wp-json\/wp\/v2\/posts\/27917\/revisions\/27925"}],"wp:featuredmedia":[{"embeddable":true,"href":"https:\/\/www.muniancud.cl\/portal\/wp-json\/wp\/v2\/media\/27924"}],"wp:attachment":[{"href":"https:\/\/www.muniancud.cl\/portal\/wp-json\/wp\/v2\/media?parent=27917"}],"wp:term":[{"taxonomy":"category","embeddable":true,"href":"https:\/\/www.muniancud.cl\/portal\/wp-json\/wp\/v2\/categories?post=27917"},{"taxonomy":"post_tag","embeddable":true,"href":"https:\/\/www.muniancud.cl\/portal\/wp-json\/wp\/v2\/tags?post=27917"}],"curies":[{"name":"wp","href":"https:\/\/api.w.org\/{rel}","templated":true}]}}