{"id":27931,"date":"2020-08-21T17:36:17","date_gmt":"2020-08-21T21:36:17","guid":{"rendered":"https:\/\/www.muniancud.cl\/portal\/?p=27931"},"modified":"2020-08-21T17:36:17","modified_gmt":"2020-08-21T21:36:17","slug":"alcalde-carlos-gomez-pide-que-la-autoridad-sanitaria-mida-con-la-misma-vara-a-todas-las-municipalidades-por-tratamiento-de-residuos-domiciliarios","status":"publish","type":"post","link":"https:\/\/www.muniancud.cl\/portal\/alcalde-carlos-gomez-pide-que-la-autoridad-sanitaria-mida-con-la-misma-vara-a-todas-las-municipalidades-por-tratamiento-de-residuos-domiciliarios\/","title":{"rendered":"Alcalde Carlos G\u00f3mez pide que la autoridad sanitaria mida con la misma vara a todas las municipalidades, por tratamiento de residuos domiciliarios"},"content":{"rendered":"<p><strong><em>Acus\u00f3 no haber recibido ning\u00fan apoyo econ\u00f3mico de parte del gobierno regional y de ninguna entidad gubernamental, para desarrollar trabajo en Puntra- El Roble<\/em><\/strong><\/p>\n<p>&nbsp;<\/p>\n<p>El tema de la recolecci\u00f3n y principalmente, de la disposici\u00f3n de residuos s\u00f3lidos domiciliarios es un gran problema en el archipi\u00e9lago de Chilo\u00e9, no solamente en Ancud, que de alguna manera se visibiliz\u00f3 producto del cierre del vertedero en Huicha, sino que tambi\u00e9n en el resto de las comunas, a pesar de que el gobierno regional ha inyectado una buena cantidad de recursos econ\u00f3micos hoy d\u00eda el tratamiento sus recibos es bastante deficiente.<\/p>\n<p>Y en ese sentido, el alcalde de la comuna de Ancud, se refiri\u00f3 a la -a su juicio- dispar fiscalizaci\u00f3n que tiene el relleno sanitario de Puntra El Roble, respecto a los vertederos de los otros municipios de la isla, principalmente el de Castro, que se vislumbr\u00f3 a trav\u00e9s de medios de prensa locales.<\/p>\n<p>\u201cEs una situaci\u00f3n lamentable ya que se puede apreciar a trav\u00e9s de las im\u00e1genes que no existe ning\u00fan tratamiento de los desechos domiciliarios, hoy d\u00eda lo que podemos ver all\u00ed es que pr\u00e1cticamente hay un foso d\u00f3nde llega y descargan los camiones compactadores y esa basura queda la intemperie. No hay tratamiento de l\u00edquidos lixiviados, por lo que se aprecia all\u00ed, ya que no hay ning\u00fan tipo de impermeabilizaci\u00f3n que evite que estos l\u00edquidos se vayan hacia las napas subterr\u00e1neas. Tambi\u00e9n vemos una gran cantidad de aguas lluvias que est\u00e1n all\u00ed muy cercanas, aleda\u00f1as pr\u00e1cticamente, por no decir encima de los residuos s\u00f3lidos domiciliarios, entonces as\u00ed como est\u00e1n estas im\u00e1genes de Castro, creo que tambi\u00e9n hay otros vertederos de otras comunas de Chilo\u00e9 est\u00e1n en las mismas condiciones\u201d, se\u00f1al\u00f3 el edil ancuditano.<\/p>\n<p>Frente a esa realidad, el alcalde se refiri\u00f3 a la posibilidad de existir un sesgo pol\u00edtico en c\u00f3mo las autoridades sanitarias han tratado la inspecciones de los vertederos de las comunas, que dicho sea de paso, est\u00e1 todos fuera de norma, frente al de Ancud, en el que se est\u00e1n siguiendo todas las recomendaciones y observaciones realizadas por las autoridades sanitarias.<\/p>\n<p>\u201cLo que yo lamento es que las autoridades competentes, ll\u00e1mese Autoridad Sanitaria o la Superintendencia de Medio Ambiente no realizan la fiscalizaciones. que con leg\u00edtimo derecho nos hacen a nosotros como comuna. Yo no estoy molesto ni con Autoridad Sanitaria ni con la Superintendencia porque vengan, pr\u00e1cticamente todas las semanas, a fiscalizarnos lo que es el relleno de Puntra- El Roble. Lo que me molesta, y no quisiera pensar que este es un tema pol\u00edtico, en que hay vertederos como el de Castro donde pr\u00e1cticamente no hay tratamiento. Donde hay realmente una contaminaci\u00f3n\u201d. Lo mismo opina el edil respecto a otras instituciones que tienen sus ojos puestos en el rellano sanitario ancuditano. \u201cTambi\u00e9n muchos medioambientalistas se han pronunciado y levantado la voz respecto a lo que tenemos en Puntra-El Roble y escuchado muy pocas voces ante estas publicaciones que han salido o esta publicaci\u00f3n que sali\u00f3 este fin de semana. Yo solamente quisiera pedir igualdad para todos los municipios, decir que la autoridad cumpla con su rol fiscalizador y que mida con la misma vara a todas las municipalidades, m\u00e1s all\u00e1 del partido pol\u00edtico que tenga un alcalde u otro\u201d, sentenci\u00f3.<\/p>\n<p>As\u00ed mismo, se refiri\u00f3 a la labor realizada al respecto por la Municipalidad de Ancud, se\u00f1alando que se han hecho todos los esfuerzos econ\u00f3micos y humanos para tener dicho relleno sanitario en las mejores condiciones posibles. \u201cEs cierto que hemos tenido ciertas observaciones principalmente de la superintendencia, fiscalizaciones que han sido todas cumplidas de acuerdo a lo se\u00f1alado por la autoridad y yo espero que esto siga sucediendo, qu\u00e9 nos sigan fiscalizando; porque nuestro inter\u00e9s es hacer las cosas bien\u201d, acot\u00f3 la autoridad.<\/p>\n<p>Tambi\u00e9n destac\u00f3 que todo el trabajo realizado en el sitio de disposici\u00f3n final de la comuna del Pudeto, con recursos propios del consistorio, sin entrega de dineros del estado. \u201dNosotros, desde que partimos con nuestro relleno en Puntra el Roble no hemos tenido ning\u00fan apoyo econ\u00f3mico de parte del gobierno regional y de ninguna entidad gubernamental. No as\u00ed otro municipio de Chilo\u00e9, que le han dado recursos para los que son de m\u00e1quinas, que les han dado recursos para las adecuaciones de sus propios vertederos, que le han dado recursos para los cierres perimetrales, aqu\u00ed en Ancud nada de ello ha existido, todos los esfuerzos, todo lo mejoramientos y todo lo que hoy en d\u00eda tenemos en Puntra el Roble ha sido con recursos netamente municipal. Y hoy, una vez m\u00e1s, vuelvo a decir que los que existe en la comuna de Ancud es lo mejor que hay en Chilo\u00e9, respecto a lo que tiene que ver con el tratamiento y de y disposici\u00f3n final de residuos s\u00f3lidos domiciliarios\u201d.<\/p>\n<p>Finalmente, asever\u00f3 que este es un tema que debiese tratarse de manera coordinada entre los distintos municipios de la provincia en conjunto. \u201cYo vuelvo a hacer un llamado a todos los colegas alcalde de Chilo\u00e9, que este es un tema que no se va a poder solucionar por dos o tres municipalidades, que este es un tema que no se va a solucionar con una asociatividad dividida, como hoy d\u00eda lo tenemos en Chilo\u00e9. \u00c9ste es un tema que requiere del concurso y la participaci\u00f3n de los 10 municipios de Chilo\u00e9; para que de aqu\u00ed a un lapso no muy lejano podamos tener resuelto, de una vez por todas, el tema de la disposici\u00f3n final de residuos s\u00f3lidos domiciliarios\u201d, finaliz\u00f3 el alcalde.<\/p>\n","protected":false},"excerpt":{"rendered":"<p>Acus\u00f3 no haber recibido ning\u00fan apoyo econ\u00f3mico de parte del gobierno regional y de ninguna entidad gubernamental, para desarrollar trabajo en Puntra- El Roble &nbsp; El tema de la recolecci\u00f3n y principalmente, de la disposici\u00f3n de residuos s\u00f3lidos domiciliarios es un gran problema en el archipi\u00e9lago de Chilo\u00e9, no solamente en Ancud, que de alguna [&hellip;]<\/p>\n","protected":false},"author":7,"featured_media":27932,"comment_status":"closed","ping_status":"closed","sticky":false,"template":"","format":"standard","meta":{"footnotes":""},"categories":[32,4],"tags":[],"class_list":["post-27931","post","type-post","status-publish","format-standard","has-post-thumbnail","hentry","category-medio-ambiente-aseo-y-ornato","category-sala-de-prensa"],"_links":{"self":[{"href":"https:\/\/www.muniancud.cl\/portal\/wp-json\/wp\/v2\/posts\/27931","targetHints":{"allow":["GET"]}}],"collection":[{"href":"https:\/\/www.muniancud.cl\/portal\/wp-json\/wp\/v2\/posts"}],"about":[{"href":"https:\/\/www.muniancud.cl\/portal\/wp-json\/wp\/v2\/types\/post"}],"author":[{"embeddable":true,"href":"https:\/\/www.muniancud.cl\/portal\/wp-json\/wp\/v2\/users\/7"}],"replies":[{"embeddable":true,"href":"https:\/\/www.muniancud.cl\/portal\/wp-json\/wp\/v2\/comments?post=27931"}],"version-history":[{"count":1,"href":"https:\/\/www.muniancud.cl\/portal\/wp-json\/wp\/v2\/posts\/27931\/revisions"}],"predecessor-version":[{"id":27933,"href":"https:\/\/www.muniancud.cl\/portal\/wp-json\/wp\/v2\/posts\/27931\/revisions\/27933"}],"wp:featuredmedia":[{"embeddable":true,"href":"https:\/\/www.muniancud.cl\/portal\/wp-json\/wp\/v2\/media\/27932"}],"wp:attachment":[{"href":"https:\/\/www.muniancud.cl\/portal\/wp-json\/wp\/v2\/media?parent=27931"}],"wp:term":[{"taxonomy":"category","embeddable":true,"href":"https:\/\/www.muniancud.cl\/portal\/wp-json\/wp\/v2\/categories?post=27931"},{"taxonomy":"post_tag","embeddable":true,"href":"https:\/\/www.muniancud.cl\/portal\/wp-json\/wp\/v2\/tags?post=27931"}],"curies":[{"name":"wp","href":"https:\/\/api.w.org\/{rel}","templated":true}]}}