{"id":28167,"date":"2020-10-14T22:32:50","date_gmt":"2020-10-15T01:32:50","guid":{"rendered":"https:\/\/www.muniancud.cl\/portal\/?p=28167"},"modified":"2020-10-14T22:32:50","modified_gmt":"2020-10-15T01:32:50","slug":"comunicado-oficial","status":"publish","type":"post","link":"https:\/\/www.muniancud.cl\/portal\/comunicado-oficial\/","title":{"rendered":"Comunicado Oficial"},"content":{"rendered":"<p>Declaraci\u00f3n Oficial de la Ilustre Municipalidad de Ancud, por el caso positivo de Covid 19 de funcionario municipal confirmado el d\u00eda de hoy.<br \/>\nEsperamos que se recupere junto a su familia y le entregamos todo nuestro apoyo en estas circunstancias de las que nadie est\u00e1 ajeno. Llamamos a la comunidad a mantener los cuidados necesarios y solicitamos no asistir al municipio durante este jueves y viernes, ya que no se atender\u00e1 p\u00fablico. Se informar\u00e1 la l\u00ednea de acci\u00f3n desde el d\u00eda lunes, estableciendo tr\u00e1mites impostergables y la forma de atenci\u00f3n.<\/p>\n","protected":false},"excerpt":{"rendered":"<p>Declaraci\u00f3n Oficial de la Ilustre Municipalidad de Ancud, por el caso positivo de Covid 19 de funcionario municipal confirmado el d\u00eda de hoy. Esperamos que se recupere junto a su familia y le entregamos todo nuestro apoyo en estas circunstancias de las que nadie est\u00e1 ajeno. Llamamos a la comunidad a mantener los cuidados necesarios [&hellip;]<\/p>\n","protected":false},"author":7,"featured_media":28168,"comment_status":"closed","ping_status":"closed","sticky":false,"template":"","format":"standard","meta":{"footnotes":""},"categories":[4,24],"tags":[],"class_list":["post-28167","post","type-post","status-publish","format-standard","has-post-thumbnail","hentry","category-sala-de-prensa","category-salud"],"_links":{"self":[{"href":"https:\/\/www.muniancud.cl\/portal\/wp-json\/wp\/v2\/posts\/28167","targetHints":{"allow":["GET"]}}],"collection":[{"href":"https:\/\/www.muniancud.cl\/portal\/wp-json\/wp\/v2\/posts"}],"about":[{"href":"https:\/\/www.muniancud.cl\/portal\/wp-json\/wp\/v2\/types\/post"}],"author":[{"embeddable":true,"href":"https:\/\/www.muniancud.cl\/portal\/wp-json\/wp\/v2\/users\/7"}],"replies":[{"embeddable":true,"href":"https:\/\/www.muniancud.cl\/portal\/wp-json\/wp\/v2\/comments?post=28167"}],"version-history":[{"count":1,"href":"https:\/\/www.muniancud.cl\/portal\/wp-json\/wp\/v2\/posts\/28167\/revisions"}],"predecessor-version":[{"id":28169,"href":"https:\/\/www.muniancud.cl\/portal\/wp-json\/wp\/v2\/posts\/28167\/revisions\/28169"}],"wp:featuredmedia":[{"embeddable":true,"href":"https:\/\/www.muniancud.cl\/portal\/wp-json\/wp\/v2\/media\/28168"}],"wp:attachment":[{"href":"https:\/\/www.muniancud.cl\/portal\/wp-json\/wp\/v2\/media?parent=28167"}],"wp:term":[{"taxonomy":"category","embeddable":true,"href":"https:\/\/www.muniancud.cl\/portal\/wp-json\/wp\/v2\/categories?post=28167"},{"taxonomy":"post_tag","embeddable":true,"href":"https:\/\/www.muniancud.cl\/portal\/wp-json\/wp\/v2\/tags?post=28167"}],"curies":[{"name":"wp","href":"https:\/\/api.w.org\/{rel}","templated":true}]}}