{"id":28170,"date":"2020-10-15T10:53:37","date_gmt":"2020-10-15T13:53:37","guid":{"rendered":"https:\/\/www.muniancud.cl\/portal\/?p=28170"},"modified":"2020-10-15T10:53:37","modified_gmt":"2020-10-15T13:53:37","slug":"se-suspende-la-atencion-de-publico-en-la-i-municipalidad-de-ancud","status":"publish","type":"post","link":"https:\/\/www.muniancud.cl\/portal\/se-suspende-la-atencion-de-publico-en-la-i-municipalidad-de-ancud\/","title":{"rendered":"Se suspende la atenci\u00f3n de p\u00fablico en la I. Municipalidad de Ancud"},"content":{"rendered":"<p style=\"text-align: left\">Estimados vecinos, informamos que hoy jueves y ma\u00f1ana viernes la Ilustre Municipalidad no atender\u00e1 p\u00fablico. Rogamos no asistir al edificio municipal. Se informar\u00e1 la l\u00ednea de acci\u00f3n durante las semana pr\u00f3xima.<\/p>\n","protected":false},"excerpt":{"rendered":"<p>Estimados vecinos, informamos que hoy jueves y ma\u00f1ana viernes la Ilustre Municipalidad no atender\u00e1 p\u00fablico. Rogamos no asistir al edificio municipal. Se informar\u00e1 la l\u00ednea de acci\u00f3n durante las semana pr\u00f3xima.<\/p>\n","protected":false},"author":7,"featured_media":28171,"comment_status":"closed","ping_status":"closed","sticky":false,"template":"","format":"standard","meta":{"footnotes":""},"categories":[4],"tags":[],"class_list":["post-28170","post","type-post","status-publish","format-standard","has-post-thumbnail","hentry","category-sala-de-prensa"],"_links":{"self":[{"href":"https:\/\/www.muniancud.cl\/portal\/wp-json\/wp\/v2\/posts\/28170","targetHints":{"allow":["GET"]}}],"collection":[{"href":"https:\/\/www.muniancud.cl\/portal\/wp-json\/wp\/v2\/posts"}],"about":[{"href":"https:\/\/www.muniancud.cl\/portal\/wp-json\/wp\/v2\/types\/post"}],"author":[{"embeddable":true,"href":"https:\/\/www.muniancud.cl\/portal\/wp-json\/wp\/v2\/users\/7"}],"replies":[{"embeddable":true,"href":"https:\/\/www.muniancud.cl\/portal\/wp-json\/wp\/v2\/comments?post=28170"}],"version-history":[{"count":1,"href":"https:\/\/www.muniancud.cl\/portal\/wp-json\/wp\/v2\/posts\/28170\/revisions"}],"predecessor-version":[{"id":28172,"href":"https:\/\/www.muniancud.cl\/portal\/wp-json\/wp\/v2\/posts\/28170\/revisions\/28172"}],"wp:featuredmedia":[{"embeddable":true,"href":"https:\/\/www.muniancud.cl\/portal\/wp-json\/wp\/v2\/media\/28171"}],"wp:attachment":[{"href":"https:\/\/www.muniancud.cl\/portal\/wp-json\/wp\/v2\/media?parent=28170"}],"wp:term":[{"taxonomy":"category","embeddable":true,"href":"https:\/\/www.muniancud.cl\/portal\/wp-json\/wp\/v2\/categories?post=28170"},{"taxonomy":"post_tag","embeddable":true,"href":"https:\/\/www.muniancud.cl\/portal\/wp-json\/wp\/v2\/tags?post=28170"}],"curies":[{"name":"wp","href":"https:\/\/api.w.org\/{rel}","templated":true}]}}