{"id":28182,"date":"2020-10-25T09:03:16","date_gmt":"2020-10-25T12:03:16","guid":{"rendered":"https:\/\/www.muniancud.cl\/portal\/?p=28182"},"modified":"2020-10-27T09:06:15","modified_gmt":"2020-10-27T12:06:15","slug":"municipio-de-ancud-hace-entrega-26-millones-a-bomberos-de-chacao","status":"publish","type":"post","link":"https:\/\/www.muniancud.cl\/portal\/municipio-de-ancud-hace-entrega-26-millones-a-bomberos-de-chacao\/","title":{"rendered":"Municipio de Ancud hace entrega $26 millones a Bomberos de Chacao"},"content":{"rendered":"<p><strong><em>A la entrega de recursos para la compra de nuevo veh\u00edculo, se suma el aumento de los dineros que anualmente la municipalidad les aporta <\/em><\/strong><\/p>\n<p>Tras una reuni\u00f3n sostenida hace una semanas atr\u00e1s entre el Alcalde de la comuna, Carlos G\u00f3mez Miranda, con el Directorio General del Cuerpo de Bomberos de Chacao, los \u201dcaballeros del fuego\u201d hicieron presente la necesidad de poder renovar un veh\u00edculo que debi\u00f3 liquidarse para que la instituci\u00f3n pudiese cumplir otros compromisos econ\u00f3micos, sumado a que ya contaba con suficientes a\u00f1os de \u201cservicio\u201d como para ser renovada.<\/p>\n<p>Se trata de la compra de una camioneta doble cabina, con c\u00fapula y con equipamiento para los trabajos que deba realizar, tanto en la parte administrativa, el cuerpo de bombero en general, ll\u00e1mese la superintendencia o comandancia. \u201cY para la adquisici\u00f3n de ese veh\u00edculo nos comprometimos con un aporte municipal de $26 millones de pesos y otro de los compromisos que tambi\u00e9n tenemos con esta noble instituci\u00f3n he poder colaborar con recursos econ\u00f3micos o con materiales para la construcci\u00f3n de una nueva infraestructura,\u00a0 que est\u00e1n realizando aqu\u00ed en los terrenos del cuerpo de bomberos, que les permita cobija a los veh\u00edculos que\u00a0hoy\u00a0d\u00eda tienen y a los que les van a llegar\u201d, inform\u00f3 la autoridad comunal.<\/p>\n<p>As\u00ed mismo, Luis Guerrero\u00a0Mu\u00f1oz, Superintendente de Bomberos De Chacao, destac\u00f3 este aporte se\u00f1alando la buena disposici\u00f3n del alcalde para con la instituci\u00f3n. \u201cConversamos con el se\u00f1or alcalde, que gentilmente nos atendi\u00f3 y nos dio la posibilidad de poder apoyarnos en esta iniciativa de adquirir nuevo veh\u00edculo, que cumpla con las condiciones de operatividad y seguridad para el personal, para las emergencias o tr\u00e1mites administrativos que hay que hacer diariamente. Por lo tanto, para nosotros es muy importante. Para nosotros para la comunidad misma, para los alrededores de Chacao que es un sector muy grande que nosotros atendemos\u201d.<strong><em><img loading=\"lazy\" decoding=\"async\" class=\" wp-image-28195 alignleft\" src=\"https:\/\/www.muniancud.cl\/portal\/wp-content\/uploads\/2020\/10\/WhatsApp-Image-2020-10-21-at-21.24.02-300x175.jpeg\" alt=\"\" width=\"490\" height=\"286\" srcset=\"https:\/\/www.muniancud.cl\/portal\/wp-content\/uploads\/2020\/10\/WhatsApp-Image-2020-10-21-at-21.24.02-300x175.jpeg 300w, https:\/\/www.muniancud.cl\/portal\/wp-content\/uploads\/2020\/10\/WhatsApp-Image-2020-10-21-at-21.24.02-1024x596.jpeg 1024w, https:\/\/www.muniancud.cl\/portal\/wp-content\/uploads\/2020\/10\/WhatsApp-Image-2020-10-21-at-21.24.02-768x447.jpeg 768w, https:\/\/www.muniancud.cl\/portal\/wp-content\/uploads\/2020\/10\/WhatsApp-Image-2020-10-21-at-21.24.02-696x405.jpeg 696w, https:\/\/www.muniancud.cl\/portal\/wp-content\/uploads\/2020\/10\/WhatsApp-Image-2020-10-21-at-21.24.02-1068x622.jpeg 1068w, https:\/\/www.muniancud.cl\/portal\/wp-content\/uploads\/2020\/10\/WhatsApp-Image-2020-10-21-at-21.24.02-722x420.jpeg 722w, https:\/\/www.muniancud.cl\/portal\/wp-content\/uploads\/2020\/10\/WhatsApp-Image-2020-10-21-at-21.24.02.jpeg 1280w\" sizes=\"auto, (max-width: 490px) 100vw, 490px\" \/><\/em><\/strong><\/p>\n<p>Adem\u00e1s G\u00f3mez indic\u00f3 que tambi\u00e9n recibir\u00e1n un aumento en el presupuesto del a\u00f1o venider, tal como ha sucedido en los a\u00f1os anteriores de esta administraci\u00f3n comunal. \u201cPorque desde el momento en que asumimos como administraci\u00f3n hemos aumentado el presupuesto que se le ha entregado a este Cuerpo de Bomberos, desde el a\u00f1o 2017 a la fecha. Y lo hemos aumentado en forma considerable\u201d.<\/p>\n<p>De acuerdo a lo informado por Guerrero el cuerpo de bomberos est\u00e1 creciendo, tratando de innovar en algunas cosas y ad portas de que el pr\u00f3ximo a\u00f1o reciban dos\u00a0 nuevos carros, uno de 4000 litros de agua, y un carro para el servicio forestal. Por lo que ya est\u00e1n en proceso de construir un espacio cerrado que pueda cobijar tres carros bomba.<\/p>\n","protected":false},"excerpt":{"rendered":"<p>A la entrega de recursos para la compra de nuevo veh\u00edculo, se suma el aumento de los dineros que anualmente la municipalidad les aporta Tras una reuni\u00f3n sostenida hace una semanas atr\u00e1s entre el Alcalde de la comuna, Carlos G\u00f3mez Miranda, con el Directorio General del Cuerpo de Bomberos de Chacao, los \u201dcaballeros del fuego\u201d [&hellip;]<\/p>\n","protected":false},"author":7,"featured_media":28195,"comment_status":"closed","ping_status":"closed","sticky":false,"template":"","format":"standard","meta":{"footnotes":""},"categories":[4],"tags":[],"class_list":["post-28182","post","type-post","status-publish","format-standard","has-post-thumbnail","hentry","category-sala-de-prensa"],"_links":{"self":[{"href":"https:\/\/www.muniancud.cl\/portal\/wp-json\/wp\/v2\/posts\/28182","targetHints":{"allow":["GET"]}}],"collection":[{"href":"https:\/\/www.muniancud.cl\/portal\/wp-json\/wp\/v2\/posts"}],"about":[{"href":"https:\/\/www.muniancud.cl\/portal\/wp-json\/wp\/v2\/types\/post"}],"author":[{"embeddable":true,"href":"https:\/\/www.muniancud.cl\/portal\/wp-json\/wp\/v2\/users\/7"}],"replies":[{"embeddable":true,"href":"https:\/\/www.muniancud.cl\/portal\/wp-json\/wp\/v2\/comments?post=28182"}],"version-history":[{"count":1,"href":"https:\/\/www.muniancud.cl\/portal\/wp-json\/wp\/v2\/posts\/28182\/revisions"}],"predecessor-version":[{"id":28196,"href":"https:\/\/www.muniancud.cl\/portal\/wp-json\/wp\/v2\/posts\/28182\/revisions\/28196"}],"wp:featuredmedia":[{"embeddable":true,"href":"https:\/\/www.muniancud.cl\/portal\/wp-json\/wp\/v2\/media\/28195"}],"wp:attachment":[{"href":"https:\/\/www.muniancud.cl\/portal\/wp-json\/wp\/v2\/media?parent=28182"}],"wp:term":[{"taxonomy":"category","embeddable":true,"href":"https:\/\/www.muniancud.cl\/portal\/wp-json\/wp\/v2\/categories?post=28182"},{"taxonomy":"post_tag","embeddable":true,"href":"https:\/\/www.muniancud.cl\/portal\/wp-json\/wp\/v2\/tags?post=28182"}],"curies":[{"name":"wp","href":"https:\/\/api.w.org\/{rel}","templated":true}]}}