{"id":28183,"date":"2020-10-23T08:51:22","date_gmt":"2020-10-23T11:51:22","guid":{"rendered":"https:\/\/www.muniancud.cl\/portal\/?p=28183"},"modified":"2020-10-27T09:00:48","modified_gmt":"2020-10-27T12:00:48","slug":"todo-listo-en-locales-de-votacion-en-ancud","status":"publish","type":"post","link":"https:\/\/www.muniancud.cl\/portal\/todo-listo-en-locales-de-votacion-en-ancud\/","title":{"rendered":"Todo listo en locales de votaci\u00f3n en Ancud"},"content":{"rendered":"<p>Ya se encuentra todo preparado para llevar adelante el\u00a0 proceso eleccionario del plebiscito 2020, el domingo\u00a025 de octubre.\u00a0El personal de la municipalidad y personal de servicios de aseo contratado por empresas que trabajan con el municipio, durante trabajan fuertemente para tener todos los locales en las mejores condiciones para recibir a los votantes ancuditanos.<\/p>\n<p>Hay que recordar que en esta ocasi\u00f3n son ocho los locales de votaci\u00f3n en la comuna: el Liceo Bicentenario, tambi\u00e9n la Escuela Anexa, El Liceo Agr\u00edcola, El liceo Domingo Espi\u00f1eira Riesco en su gimnasios -tanto interior y exterior- y el Liceo Comercial El Pilar, en Ancud ciudad. Adem\u00e1s de las escuelas de Villa Chacao y la Escuela Sol del Pac\u00edfico en Pilluco.<\/p>\n<p>As\u00ed lo inform\u00f3 el Alcalde de la comuna de Ancud, Carlos G\u00f3mez Miranda, al hacer una visita inspectiva al Liceo Bicentenario, uno de los nuevos espacios considerados como centro de votaci\u00f3n, se\u00f1alando que todos estos locales est\u00e1n dispuestos para recibir a los votantes a partir de las 8:00 de la\u00a0ma\u00f1ana\u00a0del d\u00eda domingo. Adem\u00e1s, record\u00f3 lo importante de venir preparado a estas votaciones. \u201cDecirle a cada una de las personas que van a concurrir los lugares de votaci\u00f3n, que es sumamente importante, y no se pueden olvidar, de venir con su mascarilla y con su propio l\u00e1piz de pasta. Mi\u00a0llamado a la comunidad es a participar de este proceso eleccionario. \u00c9ste va a ser un acontecimiento hist\u00f3rico, donde la comunidad en forma democr\u00e1tica va a decidir si quiere continuar con la constituci\u00f3n\u00a0que hoy\u00a0d\u00eda rige en nuestro pa\u00eds o una nueva constituci\u00f3n. Esa es una decisi\u00f3n que, libremente y soberanamente, va a tomar cada persona que tiene derecho a voto y que puede concurrir a nuestros locales de votaci\u00f3n\u201d.<\/p>\n<p>Es importante se\u00f1alar que tambi\u00e9n se ha destinado un horario especial para que los adultos mayores puedas sufragar de manera m\u00e1s c\u00f3moda y expedita. Desde la desde la 14:00 a las 17:00 horas va a ser preferentemente para ellos.<\/p>\n<p>Por primera vez, producto de esta pandemia, estar\u00e1n presentes funcionarios \u201cfacilitadores\u201d que pone el Server a disposici\u00f3n de todas las personas que est\u00e9n en los lugares de votaci\u00f3n, para el supervisar el correcto uso de la mascarilla, para fiscalizar tambi\u00e9n el distanciamiento f\u00edsico. \u201cEs sumamente importante que eso lo respetemos, tambi\u00e9n quiero decirle de que una vez que hayan llevado adelante su proceso de votaci\u00f3n no quedarse en los lugares exteriores ni interiores del recinto e inmediatamente volver a su domicilio para prevenir cualquier tipo de contagio\u201d.<\/p>\n<p>LOCOMOCION RURAL<\/p>\n<p>Para la gente de los sectores rurales el gobierno -a trav\u00e9s de la Gobernaci\u00f3n- ha dispuesto de movilizaci\u00f3n gratuita para aquellos vecinos y vecinas de sectores rurales que no tengan c\u00f3mo movilizarse a los centros de votaci\u00f3n. Va a estar disponibles buses para que puedan concurrir a votar, recorridos que son determinados por la propia autoridad gubernamental y ser\u00e1n indicados los horarios y los lugares de salida en los distintos medios de comunicaci\u00f3n.<\/p>\n<p>\u201cHay que tomarlo con calma hay que llegar cierto con la tranquilidad necesaria; todos van a poder votar, \u00a0porque son varias las mesas que tenemos habilitadas para que este proceso sea lo m\u00e1s r\u00e1pido c\u00f3modo y seguro posible\u201d, asever\u00f3 el edil ancuditano.<\/p>\n","protected":false},"excerpt":{"rendered":"<p>Ya se encuentra todo preparado para llevar adelante el\u00a0 proceso eleccionario del plebiscito 2020, el domingo\u00a025 de octubre.\u00a0El personal de la municipalidad y personal de servicios de aseo contratado por empresas que trabajan con el municipio, durante trabajan fuertemente para tener todos los locales en las mejores condiciones para recibir a los votantes ancuditanos. Hay [&hellip;]<\/p>\n","protected":false},"author":7,"featured_media":28190,"comment_status":"closed","ping_status":"closed","sticky":false,"template":"","format":"standard","meta":{"footnotes":""},"categories":[4],"tags":[],"class_list":["post-28183","post","type-post","status-publish","format-standard","has-post-thumbnail","hentry","category-sala-de-prensa"],"_links":{"self":[{"href":"https:\/\/www.muniancud.cl\/portal\/wp-json\/wp\/v2\/posts\/28183","targetHints":{"allow":["GET"]}}],"collection":[{"href":"https:\/\/www.muniancud.cl\/portal\/wp-json\/wp\/v2\/posts"}],"about":[{"href":"https:\/\/www.muniancud.cl\/portal\/wp-json\/wp\/v2\/types\/post"}],"author":[{"embeddable":true,"href":"https:\/\/www.muniancud.cl\/portal\/wp-json\/wp\/v2\/users\/7"}],"replies":[{"embeddable":true,"href":"https:\/\/www.muniancud.cl\/portal\/wp-json\/wp\/v2\/comments?post=28183"}],"version-history":[{"count":2,"href":"https:\/\/www.muniancud.cl\/portal\/wp-json\/wp\/v2\/posts\/28183\/revisions"}],"predecessor-version":[{"id":28192,"href":"https:\/\/www.muniancud.cl\/portal\/wp-json\/wp\/v2\/posts\/28183\/revisions\/28192"}],"wp:featuredmedia":[{"embeddable":true,"href":"https:\/\/www.muniancud.cl\/portal\/wp-json\/wp\/v2\/media\/28190"}],"wp:attachment":[{"href":"https:\/\/www.muniancud.cl\/portal\/wp-json\/wp\/v2\/media?parent=28183"}],"wp:term":[{"taxonomy":"category","embeddable":true,"href":"https:\/\/www.muniancud.cl\/portal\/wp-json\/wp\/v2\/categories?post=28183"},{"taxonomy":"post_tag","embeddable":true,"href":"https:\/\/www.muniancud.cl\/portal\/wp-json\/wp\/v2\/tags?post=28183"}],"curies":[{"name":"wp","href":"https:\/\/api.w.org\/{rel}","templated":true}]}}