{"id":28193,"date":"2020-10-24T09:05:39","date_gmt":"2020-10-24T12:05:39","guid":{"rendered":"https:\/\/www.muniancud.cl\/portal\/?p=28193"},"modified":"2020-10-27T09:06:06","modified_gmt":"2020-10-27T12:06:06","slug":"municipio-de-ancud-entrega-terrenos-para-construccion-de-escuela-en-cocotue","status":"publish","type":"post","link":"https:\/\/www.muniancud.cl\/portal\/municipio-de-ancud-entrega-terrenos-para-construccion-de-escuela-en-cocotue\/","title":{"rendered":"Municipio de Ancud entrega terrenos para Construcci\u00f3n de escuela en Cocotu\u00e9"},"content":{"rendered":"<p><strong><em>Son m\u00e1s de $130 millones de inversi\u00f3n y se espera est\u00e9 finalizada en el mes de febrero<\/em><\/strong><\/p>\n<p>En el d\u00eda de ayer, el alcalde de la comuna de Ancud, Carlos G\u00f3mez Miranda, junto a la directiva de la Escuela de Cocotu\u00e9, representantes del Centro de Apoderados, de la Junta de Vecinos y del equipo de la Corporaci\u00f3n Municipal de Educaci\u00f3n, hicieron entrega simb\u00f3lica de los terrenos donde ser\u00e1 emplazado el nuevo establecimiento para los estudiantes de dicho sector rural ancuditano.<\/p>\n<p>Esta construcci\u00f3n estar\u00e1 a cargo de la empresa constructora S\u00e1nchez y Jaramillo, y tiene una inversi\u00f3n de m\u00e1s de $130 millones, seg\u00fan inform\u00f3 el edil ancuditano, con lo que cumple un anhelado sue\u00f1o de la comunidad, y de paso, concretar un compromiso que tom\u00f3 G\u00f3mez al iniciar su administraci\u00f3n, no s\u00f3lo de mantener la escuela, sino de hacerla nueva \u201cSi bien es cierto el proyecto se llama de Mejoramiento de la Escuela de Cocotu\u00e9, porque su fuente de financiamiento no permit\u00eda la construcci\u00f3n de un establecimiento nuevo, pero lo que se va a ser pr\u00e1cticamente que es la reposici\u00f3n de este establecimiento que a\u00f1o a \u00a0a\u00f1o ha ido subiendo su matr\u00edcula. Una inversi\u00f3n que sobrepasa los 130 millones de pesos y que esperamos que el mes de febrero, a principios, ya podemos estar inaugurando\u201d.<img loading=\"lazy\" decoding=\"async\" class=\" wp-image-28198 alignright\" src=\"https:\/\/www.muniancud.cl\/portal\/wp-content\/uploads\/2020\/10\/WhatsApp-Image-2020-10-21-at-17.22.56-300x138.jpeg\" alt=\"\" width=\"541\" height=\"249\" srcset=\"https:\/\/www.muniancud.cl\/portal\/wp-content\/uploads\/2020\/10\/WhatsApp-Image-2020-10-21-at-17.22.56-300x138.jpeg 300w, https:\/\/www.muniancud.cl\/portal\/wp-content\/uploads\/2020\/10\/WhatsApp-Image-2020-10-21-at-17.22.56-1024x471.jpeg 1024w, https:\/\/www.muniancud.cl\/portal\/wp-content\/uploads\/2020\/10\/WhatsApp-Image-2020-10-21-at-17.22.56-768x353.jpeg 768w, https:\/\/www.muniancud.cl\/portal\/wp-content\/uploads\/2020\/10\/WhatsApp-Image-2020-10-21-at-17.22.56-696x320.jpeg 696w, https:\/\/www.muniancud.cl\/portal\/wp-content\/uploads\/2020\/10\/WhatsApp-Image-2020-10-21-at-17.22.56-1068x491.jpeg 1068w, https:\/\/www.muniancud.cl\/portal\/wp-content\/uploads\/2020\/10\/WhatsApp-Image-2020-10-21-at-17.22.56-913x420.jpeg 913w, https:\/\/www.muniancud.cl\/portal\/wp-content\/uploads\/2020\/10\/WhatsApp-Image-2020-10-21-at-17.22.56.jpeg 1280w\" sizes=\"auto, (max-width: 541px) 100vw, 541px\" \/><\/p>\n<p>Para el Director del establecimiento, Miguel Brul\u00e9, esta es una gran noticia, por cuanto los ni\u00f1os se merec\u00edan, ya que se trata del pabell\u00f3n de salas que va a ser nuevo. \u201cHoy tenemos el sue\u00f1o pr\u00e1cticamente cumplido, porque ya firmar contrato con la empresa es un hecho, no es una ilusi\u00f3n\u201d. Adem\u00e1s, considera muy relevante que pese a las dificultades la matr\u00edcula dese ha ido elevando con el correr del tiempo y que se espera poder seguir ampliando la oferta escolar. \u201cLo tomamos con 15 alumnos, ya por cerrarse, porque ven\u00eda con 60 hacia abajo y nuestro compromiso fue ese, llegamos el primer a\u00f1o 17,\u00a0hoy\u00a0d\u00eda tenemos 23 y que no vienen de los colegios municipales que es lo principal, porque hay que tener recursos, vienen de otros colegios. Uno viene Puerto Montt, tenemos tres ni\u00f1os de Rep\u00fablica Dominicana que no estaban ac\u00e1, no estaban en el sistema\u201d. El d\u00eda de\u00a0ma\u00f1ana\u00a0ojal\u00e1 tengamos un k\u00ednder, para poder \u00a0partir de abajo mismo, de los m\u00e1s peque\u00f1itos. Desde preb\u00e1sico empezar todo un proceso educativo formativo y eso yo creo que es totalmente posible\u201d.<\/p>\n<p>VECINOS<\/p>\n<p>El presidente de la Junta de Vecinos de Cocotu\u00e9, Mauricio Alvarado, destac\u00f3 la labor desarrollada\u00a0 por el municipio, no s\u00f3lo en lo que respecta a este nuevo establecimiento, sino tambi\u00e9n va otras acciones desarrolladas por la municipalidad en el sector. \u201cEstamos sorprendidos de las buenas noticias, porque antes en Cocotu\u00e9 parece que daba miedo invertir a los alcaldes anteriores. No hace mucho tenemos uno sede nueva, ahora, nuevamente hay una inversi\u00f3n de m\u00e1s de 100 millones de pesos para mejorar la escuela. As\u00ed que eso lo tiene muy contento al\u00f3 a la gente de Cocotu\u00e9, Palabras de agradecimiento a nuestro Alcalde\u201d.<\/p>\n<p>Vanesa Barr\u00eda, Presidenta del Centro de Padres mostr\u00f3 su alegr\u00eda por la noticia, que era un requerimiento\u00a0 de mucho tiempo., \u201cExcelente noticia no pod\u00eda ser mejor, muy esperada. \u00a0De muchos a\u00f1os atr\u00e1s esperando la noticia,\u00a0hoy\u00a0en d\u00eda se puede decir que ya hay algo concreto que va a ser realidad, en un tiempo m\u00e1s vamos a tener los resultados. As\u00ed que nada, esper\u00e1ndonos todos contentos. No nos esper\u00e1bamos esto que fuera tanto t\u00edo r\u00e1pido\u201d. \u00a0Destacando que ya no sufrir\u00e1n con los crudos inviernos y que los alumnos tendr\u00e1n una mejora significativa en su calidad de estudios.<\/p>\n<p>&nbsp;<\/p>\n<p>&nbsp;<\/p>\n","protected":false},"excerpt":{"rendered":"<p>Son m\u00e1s de $130 millones de inversi\u00f3n y se espera est\u00e9 finalizada en el mes de febrero En el d\u00eda de ayer, el alcalde de la comuna de Ancud, Carlos G\u00f3mez Miranda, junto a la directiva de la Escuela de Cocotu\u00e9, representantes del Centro de Apoderados, de la Junta de Vecinos y del equipo de [&hellip;]<\/p>\n","protected":false},"author":7,"featured_media":28198,"comment_status":"closed","ping_status":"closed","sticky":false,"template":"","format":"standard","meta":{"footnotes":""},"categories":[25,4],"tags":[],"class_list":["post-28193","post","type-post","status-publish","format-standard","has-post-thumbnail","hentry","category-educacion","category-sala-de-prensa"],"_links":{"self":[{"href":"https:\/\/www.muniancud.cl\/portal\/wp-json\/wp\/v2\/posts\/28193","targetHints":{"allow":["GET"]}}],"collection":[{"href":"https:\/\/www.muniancud.cl\/portal\/wp-json\/wp\/v2\/posts"}],"about":[{"href":"https:\/\/www.muniancud.cl\/portal\/wp-json\/wp\/v2\/types\/post"}],"author":[{"embeddable":true,"href":"https:\/\/www.muniancud.cl\/portal\/wp-json\/wp\/v2\/users\/7"}],"replies":[{"embeddable":true,"href":"https:\/\/www.muniancud.cl\/portal\/wp-json\/wp\/v2\/comments?post=28193"}],"version-history":[{"count":1,"href":"https:\/\/www.muniancud.cl\/portal\/wp-json\/wp\/v2\/posts\/28193\/revisions"}],"predecessor-version":[{"id":28199,"href":"https:\/\/www.muniancud.cl\/portal\/wp-json\/wp\/v2\/posts\/28193\/revisions\/28199"}],"wp:featuredmedia":[{"embeddable":true,"href":"https:\/\/www.muniancud.cl\/portal\/wp-json\/wp\/v2\/media\/28198"}],"wp:attachment":[{"href":"https:\/\/www.muniancud.cl\/portal\/wp-json\/wp\/v2\/media?parent=28193"}],"wp:term":[{"taxonomy":"category","embeddable":true,"href":"https:\/\/www.muniancud.cl\/portal\/wp-json\/wp\/v2\/categories?post=28193"},{"taxonomy":"post_tag","embeddable":true,"href":"https:\/\/www.muniancud.cl\/portal\/wp-json\/wp\/v2\/tags?post=28193"}],"curies":[{"name":"wp","href":"https:\/\/api.w.org\/{rel}","templated":true}]}}