{"id":28841,"date":"2021-03-04T13:17:56","date_gmt":"2021-03-04T16:17:56","guid":{"rendered":"https:\/\/www.muniancud.cl\/portal\/?p=28841"},"modified":"2021-03-04T13:17:56","modified_gmt":"2021-03-04T16:17:56","slug":"1-787-millones-para-cumplir-el-sueno-del-acceso-al-agua-potable-en-villa-rio-pudeto-y-villa-los-aromos","status":"publish","type":"post","link":"https:\/\/www.muniancud.cl\/portal\/1-787-millones-para-cumplir-el-sueno-del-acceso-al-agua-potable-en-villa-rio-pudeto-y-villa-los-aromos\/","title":{"rendered":"$1.787 millones para cumplir el sue\u00f1o del acceso al agua potable en Villa R\u00edo Pudeto y Villa Los Aromos"},"content":{"rendered":"<p><b>Tras largos a\u00f1os de espera, ambas comunidades de Ancud tendr\u00e1n el financiamiento para servicios b\u00e1sicos que les dar\u00e1n una mejor calidad de vida<\/b><\/p>\n<p>Durante la tarde del mi\u00e9rcoles Durante la tarde del mi\u00e9rcoles en el Consejo regional de los Lagos, fue aprobado la inversi\u00f3n necesaria para que 104 familias de las villas R\u00edo Pudeto y Villa los aromos de la ciudad Ancud puedan cumplir y le est\u00e1n anhelado sue\u00f1o de contar con el servicio b\u00e1sico del agua potable y alcantarillado. <span class=\"Apple-converted-space\">\u00a0<\/span><\/p>\n<p>Para la presidenta de la Junta de Vecinos de Villa R\u00edo Pudeto, Patricia Parodi, este anuncio pone fin a una larga espera de m\u00e1s de 25 a\u00f1os para poder contar con estos servicios b\u00e1sicos. \u201cEstamos inmensamente felices por esta noticia, al fin tenemos los recursos, poco m\u00e1s de 1700 millones de pesos, para la conexi\u00f3n al agua potable y alcantarillado que va a favorecer a Villa R\u00edo Pudeto, a Villa Los Aromos y a los vecinos de Ruta Cinco Sur\u201d, declar\u00f3.<span class=\"Apple-converted-space\">\u00a0<\/span><\/p>\n<p>Pese que fue un proceso largo, la dirigenta destaca que el inter\u00e9s por sacarlo adelante es propio de la gesti\u00f3n en este per\u00edodo alcaldicio. \u201cDebo reconocer tambi\u00e9n que es m\u00e9rito de la administraci\u00f3n actual, ya que financiaron la formulaci\u00f3n del proyecto. Este proceso tuvo que pasar por una Recomendaci\u00f3n T\u00e9cnica y ahora aprobaci\u00f3n del Gobierno Regional; y tambi\u00e9n me gustar\u00eda agradecer mucho a los profesionales de Secplan, que siempre se dieron el tiempo para explicar acerca de todas las especificaciones t\u00e9cnicas y todo lo que abarca la envergadura que tiene este tipo de conexiones\u201d.<\/p>\n<p>As\u00ed mismo, el alcalde de la comuna Carlos G\u00f3mez Miranda, se\u00f1al\u00f3 la importancia que tiene la aprobaci\u00f3n de esta millonaria inversi\u00f3n, toda vez que es un esfuerzo que hicieron por d\u00e9cadas los habitantes de las dos villas y que no hab\u00eda tenido frutos hasta hoy, luego de las gestiones realizadas por su equipo municipal.<\/p>\n<p>\u201cFue un largo camino, pr\u00e1cticamente los cuatro a\u00f1os de gesti\u00f3n. Porque lo primero que debemos hacer fue concretar que la empresa Essal ampl\u00ede su radio de operaci\u00f3n para poder llevar adelante esta iniciativa. Una vez logrado aquello, tuvimos que buscar los recursos econ\u00f3micos para poder contratar los dise\u00f1os para este proyecto, que ten\u00eda un costo importante -y que nosotros, como Consejo Municipal- decidimos financiar con el \u00fanico objetivo de ganar tiempo, para concretar el proyecto\u201d.<\/p>\n<p>Este esfuerzo econ\u00f3mico, explic\u00f3 el edil, corresponde a $31.969.992 para cancelar estos dise\u00f1os que llev\u00f3 adelante la empresa Essal. Una vez terminado los dise\u00f1os el equipo t\u00e9cnico de la Secplan present\u00f3 el proyecto al Servicio Nacional de Inversiones, ingresando para admisibilidad con fecha del 9 noviembre del a\u00f1o reci\u00e9n pasado.<\/p>\n<p>Destac\u00f3 el jefe comunal que este es uno m\u00e1s de los tantos proyectos desarrollados durante su administraci\u00f3n, logrando que la comuna tenga un nivel de inversi\u00f3n no alcanzado anteriormente.<\/p>\n<p>\u201cHemos trabajado una serie de proyectos, principalmente en lo que tiene que ver con agua potable, con alcantarillado, con electrificaci\u00f3n, con pavimentaci\u00f3n urbana y rural y tambi\u00e9n con la vivienda; a trav\u00e9s de la construcci\u00f3n de la casa propia para familias vulnerables, en viviendas sociales, en mejoramiento de vivienda, en ampliaci\u00f3n de viviendas, en aislamiento t\u00e9rmico y tambi\u00e9n en la construcci\u00f3n de paneles solares, para que las familias de escasos recursos vayan disminuyendo tambi\u00e9n pagos en lo que es el consumo de luz el\u00e9ctrica\u201d.<\/p>\n","protected":false},"excerpt":{"rendered":"<p>Tras largos a\u00f1os de espera, ambas comunidades de Ancud tendr\u00e1n el financiamiento para servicios b\u00e1sicos que les dar\u00e1n una mejor calidad de vida Durante la tarde del mi\u00e9rcoles Durante la tarde del mi\u00e9rcoles en el Consejo regional de los Lagos, fue aprobado la inversi\u00f3n necesaria para que 104 familias de las villas R\u00edo Pudeto y [&hellip;]<\/p>\n","protected":false},"author":7,"featured_media":28851,"comment_status":"closed","ping_status":"closed","sticky":false,"template":"","format":"standard","meta":{"footnotes":""},"categories":[4,29],"tags":[],"class_list":["post-28841","post","type-post","status-publish","format-standard","has-post-thumbnail","hentry","category-sala-de-prensa","category-secplan"],"_links":{"self":[{"href":"https:\/\/www.muniancud.cl\/portal\/wp-json\/wp\/v2\/posts\/28841","targetHints":{"allow":["GET"]}}],"collection":[{"href":"https:\/\/www.muniancud.cl\/portal\/wp-json\/wp\/v2\/posts"}],"about":[{"href":"https:\/\/www.muniancud.cl\/portal\/wp-json\/wp\/v2\/types\/post"}],"author":[{"embeddable":true,"href":"https:\/\/www.muniancud.cl\/portal\/wp-json\/wp\/v2\/users\/7"}],"replies":[{"embeddable":true,"href":"https:\/\/www.muniancud.cl\/portal\/wp-json\/wp\/v2\/comments?post=28841"}],"version-history":[{"count":1,"href":"https:\/\/www.muniancud.cl\/portal\/wp-json\/wp\/v2\/posts\/28841\/revisions"}],"predecessor-version":[{"id":28852,"href":"https:\/\/www.muniancud.cl\/portal\/wp-json\/wp\/v2\/posts\/28841\/revisions\/28852"}],"wp:featuredmedia":[{"embeddable":true,"href":"https:\/\/www.muniancud.cl\/portal\/wp-json\/wp\/v2\/media\/28851"}],"wp:attachment":[{"href":"https:\/\/www.muniancud.cl\/portal\/wp-json\/wp\/v2\/media?parent=28841"}],"wp:term":[{"taxonomy":"category","embeddable":true,"href":"https:\/\/www.muniancud.cl\/portal\/wp-json\/wp\/v2\/categories?post=28841"},{"taxonomy":"post_tag","embeddable":true,"href":"https:\/\/www.muniancud.cl\/portal\/wp-json\/wp\/v2\/tags?post=28841"}],"curies":[{"name":"wp","href":"https:\/\/api.w.org\/{rel}","templated":true}]}}