{"id":28879,"date":"2021-03-05T10:28:18","date_gmt":"2021-03-05T13:28:18","guid":{"rendered":"https:\/\/www.muniancud.cl\/portal\/?p=28879"},"modified":"2021-03-05T10:28:18","modified_gmt":"2021-03-05T13:28:18","slug":"en-etapa-final-se-encuentra-el-nuevo-edificio-de-escuela-cocotue","status":"publish","type":"post","link":"https:\/\/www.muniancud.cl\/portal\/en-etapa-final-se-encuentra-el-nuevo-edificio-de-escuela-cocotue\/","title":{"rendered":"En etapa final se encuentra el nuevo edificio de escuela Cocotu\u00e9"},"content":{"rendered":"<p><b>La recepci\u00f3n est\u00e1 pr\u00f3xima para ser entregada a la comunidad escolar para que pueda hacer uso de ella<span class=\"Apple-converted-space\">\u00a0<\/span><\/b><\/p>\n<p>Los trabajos de reacondicionamiento en la escuela rural del sector de Cocotu\u00e9 ya se encuentran casi concluidas. Las obras de mejoramiento de este establecimiento se iniciaron en octubre de 2020 con la intenci\u00f3n de intervenir y optimizar las instalaciones del antiguo edificio.<\/p>\n<p>Es as\u00ed que el perfeccionamiento de las instalaciones de esta escuela rural consider\u00f3 cambio de techumbre, paredes exteriores, construcci\u00f3n de servicios higi\u00e9nicos, comedor y aulas entre las principales obras, con una inversi\u00f3n que alcanza el monto de $133 millones.<\/p>\n<p>La ejecuci\u00f3n de las obras y entrega final fue inspeccionada por representantes de la comunidad educativa, el director de la escuela intervenida y funcionarios de la Corporaci\u00f3n Municipal de Educaci\u00f3n, Salud y Atenci\u00f3n al Menor.<img loading=\"lazy\" decoding=\"async\" class=\" wp-image-28881 alignright\" src=\"https:\/\/www.muniancud.cl\/portal\/wp-content\/uploads\/2021\/03\/image-6-300x225.jpeg\" alt=\"\" width=\"544\" height=\"408\" srcset=\"https:\/\/www.muniancud.cl\/portal\/wp-content\/uploads\/2021\/03\/image-6-300x225.jpeg 300w, https:\/\/www.muniancud.cl\/portal\/wp-content\/uploads\/2021\/03\/image-6-1024x768.jpeg 1024w, https:\/\/www.muniancud.cl\/portal\/wp-content\/uploads\/2021\/03\/image-6-768x576.jpeg 768w, https:\/\/www.muniancud.cl\/portal\/wp-content\/uploads\/2021\/03\/image-6-80x60.jpeg 80w, https:\/\/www.muniancud.cl\/portal\/wp-content\/uploads\/2021\/03\/image-6-265x198.jpeg 265w, https:\/\/www.muniancud.cl\/portal\/wp-content\/uploads\/2021\/03\/image-6-696x522.jpeg 696w, https:\/\/www.muniancud.cl\/portal\/wp-content\/uploads\/2021\/03\/image-6-1068x801.jpeg 1068w, https:\/\/www.muniancud.cl\/portal\/wp-content\/uploads\/2021\/03\/image-6-560x420.jpeg 560w, https:\/\/www.muniancud.cl\/portal\/wp-content\/uploads\/2021\/03\/image-6.jpeg 1280w\" sizes=\"auto, (max-width: 544px) 100vw, 544px\" \/><\/p>\n<p>Vanessa Barr\u00eda, presidenta del Centro General de Padres y Apoderados de la escuela de Cocotu\u00e9 destac\u00f3 el avance de este proyecto, que entrega una amplia mejora en la calidad de infraestructura, que viene en directo beneficio d los alumnos al momento de retornar a clases presenciales, siempre considerando siempre que las condiciones sanitarias lo permitan. \u201cLa escuela qued\u00f3 bien, hermosa, es algo nuevo. Los alumnos van a quedar muy sorprendidos, es de no creerlo. Es algo que no ten\u00edamos contemplado\u201d, se\u00f1al\u00f3 la dirigenta.<\/p>\n<p>As\u00ed mismo, Miguel Brul\u00e9, director del establecimiento, declar\u00f3 que este reacondicionamiento significa virtualmente una escuela nueva para la comunidad educativa, diametralmente distinta a la que utilizaban anteriormente. \u201cEl 2016 cuando llegu\u00e9 a esta escuela a hacerme cargo de este establecimiento, era totalmente diferente la realidad, se pensaba incluso cerrar el colegio\u201d, puntualiz\u00f3.<\/p>\n<p>Por otro lado, el Alcalde de Ancud y Presidente de la Corporaci\u00f3n Municipal de Educaci\u00f3n, Salud y Atenci\u00f3n al Menor, Carlos G\u00f3mez Miranda, destac\u00f3 la calidad de la obra, enfatizando que estas obras se llevan a cabo por una empresa ancuditana.\u201cHoy d\u00eda podemos decirle, no solamente a la comunidad escolar, sino que a la comunidad de Cocotu\u00e9 que tenemos un nuevo y remodelado establecimiento educacional y decir que, a pesar de las dificultades, de la pandemia, tambi\u00e9n considerando que la empresa ha tenido bastantes problemas para conseguir los materiales. Y a pesar de aquello, la empresa hizo todos los esfuerzos\u201d, afirm\u00f3 el edil.<\/p>\n","protected":false},"excerpt":{"rendered":"<p>La recepci\u00f3n est\u00e1 pr\u00f3xima para ser entregada a la comunidad escolar para que pueda hacer uso de ella\u00a0 Los trabajos de reacondicionamiento en la escuela rural del sector de Cocotu\u00e9 ya se encuentran casi concluidas. Las obras de mejoramiento de este establecimiento se iniciaron en octubre de 2020 con la intenci\u00f3n de intervenir y optimizar [&hellip;]<\/p>\n","protected":false},"author":7,"featured_media":28880,"comment_status":"closed","ping_status":"closed","sticky":false,"template":"","format":"standard","meta":{"footnotes":""},"categories":[25,4],"tags":[],"class_list":["post-28879","post","type-post","status-publish","format-standard","has-post-thumbnail","hentry","category-educacion","category-sala-de-prensa"],"_links":{"self":[{"href":"https:\/\/www.muniancud.cl\/portal\/wp-json\/wp\/v2\/posts\/28879","targetHints":{"allow":["GET"]}}],"collection":[{"href":"https:\/\/www.muniancud.cl\/portal\/wp-json\/wp\/v2\/posts"}],"about":[{"href":"https:\/\/www.muniancud.cl\/portal\/wp-json\/wp\/v2\/types\/post"}],"author":[{"embeddable":true,"href":"https:\/\/www.muniancud.cl\/portal\/wp-json\/wp\/v2\/users\/7"}],"replies":[{"embeddable":true,"href":"https:\/\/www.muniancud.cl\/portal\/wp-json\/wp\/v2\/comments?post=28879"}],"version-history":[{"count":1,"href":"https:\/\/www.muniancud.cl\/portal\/wp-json\/wp\/v2\/posts\/28879\/revisions"}],"predecessor-version":[{"id":28882,"href":"https:\/\/www.muniancud.cl\/portal\/wp-json\/wp\/v2\/posts\/28879\/revisions\/28882"}],"wp:featuredmedia":[{"embeddable":true,"href":"https:\/\/www.muniancud.cl\/portal\/wp-json\/wp\/v2\/media\/28880"}],"wp:attachment":[{"href":"https:\/\/www.muniancud.cl\/portal\/wp-json\/wp\/v2\/media?parent=28879"}],"wp:term":[{"taxonomy":"category","embeddable":true,"href":"https:\/\/www.muniancud.cl\/portal\/wp-json\/wp\/v2\/categories?post=28879"},{"taxonomy":"post_tag","embeddable":true,"href":"https:\/\/www.muniancud.cl\/portal\/wp-json\/wp\/v2\/tags?post=28879"}],"curies":[{"name":"wp","href":"https:\/\/api.w.org\/{rel}","templated":true}]}}