{"id":28886,"date":"2021-03-09T11:17:44","date_gmt":"2021-03-09T14:17:44","guid":{"rendered":"https:\/\/www.muniancud.cl\/portal\/?p=28886"},"modified":"2021-03-09T11:17:44","modified_gmt":"2021-03-09T14:17:44","slug":"39-familias-ancuditanas-ya-aprovechan-la-energia-renovable-del-sol","status":"publish","type":"post","link":"https:\/\/www.muniancud.cl\/portal\/39-familias-ancuditanas-ya-aprovechan-la-energia-renovable-del-sol\/","title":{"rendered":"39 familias ancuditanas ya aprovechan la energ\u00eda renovable del sol"},"content":{"rendered":"<p>Gesti\u00f3n municipal permite que cuenten con colectores solares para calentar agua potable<\/p>\n<p>La Oficina Municipal de la Vivienda, junto con el Comit\u00e9s de Adelantos y vecinos de 3 villas de nuestra comuna, desarrollaron un trabajo colectivo para gestionar equipos colectores solares para sus viviendas, a trav\u00e9s del Programa de Protecci\u00f3n de Patrimonio Familiar DS255 del Ministerio de dicha cartera, con lo que resultan beneficiadas 39 familias, lo que conlleva una inversi\u00f3n de m\u00e1s de $73.700.000.<\/p>\n<p>Para Mar\u00eda Jos\u00e9 D\u00edaz Castillo, encargada t\u00e9cnica de la Oficina de la Vivienda del municipio ancuditano, este es un buen m\u00e9todo para bajar costos hogare\u00f1os y cuidar el medioambiente, pese a la incredulidad de las familias.<\/p>\n<p>\u201cMuchas de las familias en principio pensaban que no iba funcionar, porque en Chilo\u00e9 quiz\u00e1s pueda ver m\u00e1s nubosidad algunos d\u00edas, pero les explicamos que la radiaci\u00f3n est\u00e1 presente todo el a\u00f1o, Y si bien pueda bajar un poco en el invierno, lo importante es que ellos aprovechen toda la energ\u00eda del sol que se pueda; generar un ahorro y generar m\u00e1s conciencia y menos uso de oso tipo de medios de calentar agua, por ejemplo, la madera, porque tienen termo ca\u00f1o, en este caso pueden evitar ese consumo o el gas, yo tambi\u00e9n esta zona tiene un alto costo. Entonces, al final se genera un ahorro para las familias diariamente en energ\u00eda\u201d.<\/p>\n<p>Este es un gran trabajo colaborativo considerando que cada d\u00eda hay mayor conciencia de que es posible utilizar la energ\u00eda solar para calentar el agua potable para uso domiciliario, de forma m\u00e1s econ\u00f3mica y eficiente.<\/p>\n<p>Los proyectos se desarrollaron en etapas, que se iniciaron con la Villa San Esteban 2, con una inversi\u00f3n de $20.790.000 para 11 familias beneficiarias. Continu\u00f3 con la labor con el Comit\u00e9 de adelanto N\u00ba1 de la Villa Pen\u00ednsula de Lacuy, cuyos hogares beneficiados alcanza a 12 y tuvo un costo de $22.680.000, y la Villa San Esteban 1, con 12 hogares y un costo de $30.240.000.<\/p>\n<p>As\u00ed mismo, D\u00edaz explic\u00f3 que el equipamiento corresponde a colectores solares del tipo plano, que es el m\u00e1s adecuado para este lugar y clima. Se instalan en las techumbres de las viviendas, tienen una inclinaci\u00f3n entre 35\u00b0 y 45\u00b0 lo que permite obtener una mejor radiaci\u00f3n solar.<\/p>\n<p>Adem\u00e1s, la funcionaria municipal, adelant\u00f3 que este es s\u00f3lo parte de los proyectos contemplados por la Oficina Municipal de la Vivienda, ya que siempre la repartici\u00f3n edilicia est\u00e1 buscando instancias que eleven la calidad de los hogares. Empezando con el acondicionamiento t\u00e9rmico, que tienen que ver con abrigar las casas. \u201cMuchas de las viviendas que est\u00e1n entregadas en Ancud no cuentan con aislaci\u00f3n, sobre todo las que est\u00e1n construidas previo al cambio de normativa que ocurri\u00f3 el a\u00f1o 2007. Entonces, ese proyecto est\u00e1 enfocado en proveer de aislaci\u00f3n a la mayor cantidad de superficie de su envolvente. As\u00ed que ese es uno de los primeros proyectos que desarrollamos. los segundos son los colectores, y queremos tambi\u00e9n desarrollar proyectos fotovoltaicos, para los cuales ya tenemos tres empresas inscritas en la oficina\u201d.<\/p>\n<p>Para las familias que deseen participar de estos proyectos, es importante se\u00f1alar que deben estar inscritas en comit\u00e9s con personalidad jur\u00eddica; que se acerquen a la Oficina de la Vivienda, en el tercer piso del municipio.<\/p>\n","protected":false},"excerpt":{"rendered":"<p>Gesti\u00f3n municipal permite que cuenten con colectores solares para calentar agua potable La Oficina Municipal de la Vivienda, junto con el Comit\u00e9s de Adelantos y vecinos de 3 villas de nuestra comuna, desarrollaron un trabajo colectivo para gestionar equipos colectores solares para sus viviendas, a trav\u00e9s del Programa de Protecci\u00f3n de Patrimonio Familiar DS255 del [&hellip;]<\/p>\n","protected":false},"author":7,"featured_media":28887,"comment_status":"closed","ping_status":"closed","sticky":false,"template":"","format":"standard","meta":{"footnotes":""},"categories":[27,4],"tags":[],"class_list":["post-28886","post","type-post","status-publish","format-standard","has-post-thumbnail","hentry","category-dideco","category-sala-de-prensa"],"_links":{"self":[{"href":"https:\/\/www.muniancud.cl\/portal\/wp-json\/wp\/v2\/posts\/28886","targetHints":{"allow":["GET"]}}],"collection":[{"href":"https:\/\/www.muniancud.cl\/portal\/wp-json\/wp\/v2\/posts"}],"about":[{"href":"https:\/\/www.muniancud.cl\/portal\/wp-json\/wp\/v2\/types\/post"}],"author":[{"embeddable":true,"href":"https:\/\/www.muniancud.cl\/portal\/wp-json\/wp\/v2\/users\/7"}],"replies":[{"embeddable":true,"href":"https:\/\/www.muniancud.cl\/portal\/wp-json\/wp\/v2\/comments?post=28886"}],"version-history":[{"count":1,"href":"https:\/\/www.muniancud.cl\/portal\/wp-json\/wp\/v2\/posts\/28886\/revisions"}],"predecessor-version":[{"id":28888,"href":"https:\/\/www.muniancud.cl\/portal\/wp-json\/wp\/v2\/posts\/28886\/revisions\/28888"}],"wp:featuredmedia":[{"embeddable":true,"href":"https:\/\/www.muniancud.cl\/portal\/wp-json\/wp\/v2\/media\/28887"}],"wp:attachment":[{"href":"https:\/\/www.muniancud.cl\/portal\/wp-json\/wp\/v2\/media?parent=28886"}],"wp:term":[{"taxonomy":"category","embeddable":true,"href":"https:\/\/www.muniancud.cl\/portal\/wp-json\/wp\/v2\/categories?post=28886"},{"taxonomy":"post_tag","embeddable":true,"href":"https:\/\/www.muniancud.cl\/portal\/wp-json\/wp\/v2\/tags?post=28886"}],"curies":[{"name":"wp","href":"https:\/\/api.w.org\/{rel}","templated":true}]}}