{"id":28891,"date":"2021-03-11T17:54:42","date_gmt":"2021-03-11T20:54:42","guid":{"rendered":"https:\/\/www.muniancud.cl\/portal\/?p=28891"},"modified":"2021-03-11T17:54:42","modified_gmt":"2021-03-11T20:54:42","slug":"municipio-entrega-centro-de-gestion-y-desarrollo-en-ancud","status":"publish","type":"post","link":"https:\/\/www.muniancud.cl\/portal\/municipio-entrega-centro-de-gestion-y-desarrollo-en-ancud\/","title":{"rendered":"Municipio entrega Centro de Gesti\u00f3n y Desarrollo en Ancud"},"content":{"rendered":"<p><b><i><span data-contrast=\"auto\">Personas, peque\u00f1as y medianas empresas podr\u00e1n acceder a las herramientas digitales y <\/span><\/i><\/b><b><i><span data-contrast=\"auto\">equipamiento<\/span><\/i><\/b><b><i><span data-contrast=\"auto\"> para coworking<\/span><\/i><\/b><span data-ccp-props=\"{&quot;201341983&quot;:0,&quot;335551550&quot;:2,&quot;335551620&quot;:2,&quot;335559739&quot;:160,&quot;335559740&quot;:259}\">\u00a0<\/span><\/p>\n<p><span data-contrast=\"auto\">Para\u00a0asistir\u00a0a personas individuales y peque\u00f1as y medianas empresas (Pymes) que deseen acceder a las actuales herramientas y conocimientos digitales, la Municipalidad de Ancud\u00a0implement\u00f3 el Centro de Gesti\u00f3n y Desarrollo Innova, habilitado en las dependencias del Organismo T\u00e9cnico de Capacitaci\u00f3n (<\/span><span data-contrast=\"auto\">Otec<\/span><span data-contrast=\"auto\">) municipal.<\/span><span data-ccp-props=\"{&quot;201341983&quot;:0,&quot;335551550&quot;:6,&quot;335551620&quot;:6,&quot;335559739&quot;:160,&quot;335559740&quot;:259}\">\u00a0<\/span><\/p>\n<p><span data-contrast=\"auto\">El servicio, que est\u00e1 ubicado en Almirante Latorre, tiene una inversi\u00f3n estimada en $25 millones, y para su funcionamiento el recinto tiene a disposici\u00f3n de los usuarios 22 computadores, impresoras y un espacio acorde a las demandas de las personas interesadas en generar conocimientos en \u00e1reas comerciales y de inform\u00e1tica, as\u00ed como aprender a utilizar tecnolog\u00edas para el desarrollo de negocios.<\/span><span data-ccp-props=\"{&quot;201341983&quot;:0,&quot;335551550&quot;:6,&quot;335551620&quot;:6,&quot;335559739&quot;:160,&quot;335559740&quot;:259}\">\u00a0<\/span><\/p>\n<p><span data-contrast=\"auto\">Laura Neira, encargada de la OTEC municipal expres\u00f3 que este centro apunta especialmente a proveer\u00a0la inclusividad de personas de distintas edades, con la intensi\u00f3n de aprender, comprender y utilizar las distintas herramientas digitales para poder generar mejores instancias de negocios y desarrollo comercial.<\/span><span data-ccp-props=\"{&quot;201341983&quot;:0,&quot;335551550&quot;:6,&quot;335551620&quot;:6,&quot;335559739&quot;:160,&quot;335559740&quot;:259}\">\u00a0<\/span><\/p>\n<p><span data-contrast=\"auto\">\u201cEste servicio incorpora a todas las personas que quisieran venir a realizar alg\u00fan trabajo, no importando la edad, vale decir, desde j\u00f3venes, mujeres, personas que buscan trabajo, personas que est\u00e1n desarrollando emprendimientos o iniciativas de negocios y tambi\u00e9n adultos mayores\u201d, dijo la funcionaria.<\/span><span data-ccp-props=\"{&quot;201341983&quot;:0,&quot;335551550&quot;:6,&quot;335551620&quot;:6,&quot;335559739&quot;:160,&quot;335559740&quot;:259}\">\u00a0<\/span><\/p>\n<p><span data-contrast=\"auto\"><img loading=\"lazy\" decoding=\"async\" class=\" wp-image-28892 alignright\" src=\"https:\/\/www.muniancud.cl\/portal\/wp-content\/uploads\/2021\/03\/image-7-300x139.jpeg\" alt=\"\" width=\"516\" height=\"239\" srcset=\"https:\/\/www.muniancud.cl\/portal\/wp-content\/uploads\/2021\/03\/image-7-300x139.jpeg 300w, https:\/\/www.muniancud.cl\/portal\/wp-content\/uploads\/2021\/03\/image-7-1024x474.jpeg 1024w, https:\/\/www.muniancud.cl\/portal\/wp-content\/uploads\/2021\/03\/image-7-768x355.jpeg 768w, https:\/\/www.muniancud.cl\/portal\/wp-content\/uploads\/2021\/03\/image-7-696x322.jpeg 696w, https:\/\/www.muniancud.cl\/portal\/wp-content\/uploads\/2021\/03\/image-7-1068x494.jpeg 1068w, https:\/\/www.muniancud.cl\/portal\/wp-content\/uploads\/2021\/03\/image-7-908x420.jpeg 908w, https:\/\/www.muniancud.cl\/portal\/wp-content\/uploads\/2021\/03\/image-7.jpeg 1280w\" sizes=\"auto, (max-width: 516px) 100vw, 516px\" \/>As\u00ed mismo, el alcalde de la comuna de Ancud, Carlos G\u00f3mez Miranda, asever\u00f3 que este Centro de Gesti\u00f3n y Desarrollo Innova, es producto de un estudio de las necesidades de la comunidad en el aspecto digital y es resultado de un trabajo coordinado entre diferentes estamentos municipales, que busca responder a estos\u00a0requerimientos presentados por personas individuales o en un car\u00e1cter grupal.<\/span><span data-ccp-props=\"{&quot;201341983&quot;:0,&quot;335551550&quot;:6,&quot;335551620&quot;:6,&quot;335559739&quot;:160,&quot;335559740&quot;:259}\">\u00a0<\/span><\/p>\n<p><span data-contrast=\"auto\">La autoridad comunal explic\u00f3 que producto de\u00a0la pandemia la brecha digital se hizo patente, siendo esa problem\u00e1tica el foco del inter\u00e9s\u00a0municipal, queriendo acercar las herramientas digitales. \u201cDesde all\u00ed nace la idea de este centro de informaci\u00f3n. Vamos a llegar a todas aquellas personas interesadas en ser parte de este centro de gesti\u00f3n. Eso no lo transforma en un infocentro, aqu\u00ed van a llegar las personas que necesitan tener estos instrumentos, estos veintid\u00f3s computadores que estamos poniendo a disposici\u00f3n de la comunidad usuaria\u201d.<\/span><span data-ccp-props=\"{&quot;201341983&quot;:0,&quot;335551550&quot;:6,&quot;335551620&quot;:6,&quot;335559739&quot;:160,&quot;335559740&quot;:259}\">\u00a0<\/span><\/p>\n<p><span data-contrast=\"auto\">Adem\u00e1s, como primera gesti\u00f3n de este Centro de Gesti\u00f3n y Desarrollo Innova, se estableci\u00f3 una alianza<\/span><span data-contrast=\"none\"> estrat\u00e9gica con la Universidad de la Frontera, en tem\u00e1ticas relacionadas con\u00a0marketing digital, agroecolog\u00eda, protocolos sanitarios, planificaci\u00f3n tur\u00edstica y gesti\u00f3n de proyectos. As\u00ed\u00a0mismo, existir\u00e1 colaboraci\u00f3n con las plataformas virtuales de capacitaci\u00f3n del Servicio Nacional de Capacitaci\u00f3n y Empleo (SENCE).<\/span><span data-ccp-props=\"{&quot;201341983&quot;:0,&quot;335551550&quot;:6,&quot;335551620&quot;:6,&quot;335559739&quot;:160,&quot;335559740&quot;:259}\">\u00a0<\/span><\/p>\n","protected":false},"excerpt":{"rendered":"<p>Personas, peque\u00f1as y medianas empresas podr\u00e1n acceder a las herramientas digitales y equipamiento para coworking\u00a0 Para\u00a0asistir\u00a0a personas individuales y peque\u00f1as y medianas empresas (Pymes) que deseen acceder a las actuales herramientas y conocimientos digitales, la Municipalidad de Ancud\u00a0implement\u00f3 el Centro de Gesti\u00f3n y Desarrollo Innova, habilitado en las dependencias del Organismo T\u00e9cnico de Capacitaci\u00f3n (Otec) [&hellip;]<\/p>\n","protected":false},"author":7,"featured_media":28893,"comment_status":"closed","ping_status":"closed","sticky":false,"template":"","format":"standard","meta":{"footnotes":""},"categories":[27,34,4],"tags":[],"class_list":["post-28891","post","type-post","status-publish","format-standard","has-post-thumbnail","hentry","category-dideco","category-ditufop","category-sala-de-prensa"],"_links":{"self":[{"href":"https:\/\/www.muniancud.cl\/portal\/wp-json\/wp\/v2\/posts\/28891","targetHints":{"allow":["GET"]}}],"collection":[{"href":"https:\/\/www.muniancud.cl\/portal\/wp-json\/wp\/v2\/posts"}],"about":[{"href":"https:\/\/www.muniancud.cl\/portal\/wp-json\/wp\/v2\/types\/post"}],"author":[{"embeddable":true,"href":"https:\/\/www.muniancud.cl\/portal\/wp-json\/wp\/v2\/users\/7"}],"replies":[{"embeddable":true,"href":"https:\/\/www.muniancud.cl\/portal\/wp-json\/wp\/v2\/comments?post=28891"}],"version-history":[{"count":2,"href":"https:\/\/www.muniancud.cl\/portal\/wp-json\/wp\/v2\/posts\/28891\/revisions"}],"predecessor-version":[{"id":28895,"href":"https:\/\/www.muniancud.cl\/portal\/wp-json\/wp\/v2\/posts\/28891\/revisions\/28895"}],"wp:featuredmedia":[{"embeddable":true,"href":"https:\/\/www.muniancud.cl\/portal\/wp-json\/wp\/v2\/media\/28893"}],"wp:attachment":[{"href":"https:\/\/www.muniancud.cl\/portal\/wp-json\/wp\/v2\/media?parent=28891"}],"wp:term":[{"taxonomy":"category","embeddable":true,"href":"https:\/\/www.muniancud.cl\/portal\/wp-json\/wp\/v2\/categories?post=28891"},{"taxonomy":"post_tag","embeddable":true,"href":"https:\/\/www.muniancud.cl\/portal\/wp-json\/wp\/v2\/tags?post=28891"}],"curies":[{"name":"wp","href":"https:\/\/api.w.org\/{rel}","templated":true}]}}