{"id":28907,"date":"2021-03-10T17:16:31","date_gmt":"2021-03-10T20:16:31","guid":{"rendered":"https:\/\/www.muniancud.cl\/portal\/?p=28907"},"modified":"2021-03-12T17:18:22","modified_gmt":"2021-03-12T20:18:22","slug":"jardines-infantiles-vtf-y-corporacion-municipal-de-ancud-cierran-acuerdo-colectivo","status":"publish","type":"post","link":"https:\/\/www.muniancud.cl\/portal\/jardines-infantiles-vtf-y-corporacion-municipal-de-ancud-cierran-acuerdo-colectivo\/","title":{"rendered":"Jardines Infantiles VTF y Corporaci\u00f3n Municipal de Ancud cierran acuerdo colectivo"},"content":{"rendered":"<p><b><i><span data-contrast=\"auto\">En menos de un mes entre la entidad municipal y sus asociaciones se han formalizado\u00a0<\/span><\/i><\/b><b><i><span data-contrast=\"auto\">3 anexos de contrato <\/span><\/i><\/b><span data-ccp-props=\"{&quot;201341983&quot;:0,&quot;335551550&quot;:2,&quot;335551620&quot;:2,&quot;335559739&quot;:160,&quot;335559740&quot;:259}\">\u00a0<\/span><\/p>\n<p><span data-contrast=\"auto\">Un acuerdo entre la corporaci\u00f3n Municipal de Educaci\u00f3n, Salud y Cuidado al Menor con el <\/span><span data-contrast=\"auto\">Sindicato de Funcionarias V\u00eda Transferencia de Fondos (VTF), se logr\u00f3 establecer esta semana, lo que se traduce en una<\/span><span data-contrast=\"auto\">\u00a0asignaci\u00f3n equivalente a $3.900.000 con lo que se ver\u00e1n beneficiadas 60 asociadas de dicha <\/span><span data-contrast=\"auto\">asociaci\u00f3n.<\/span><span data-ccp-props=\"{&quot;201341983&quot;:0,&quot;335551550&quot;:6,&quot;335551620&quot;:6,&quot;335559739&quot;:160,&quot;335559740&quot;:259}\">\u00a0<\/span><\/p>\n<p><span data-contrast=\"auto\">Este\u00a0acercamiento se suma a los 2 anteriores logrados con similares sindicatos que amparan a funcionarios de la educaci\u00f3n municipalizada, que se llevaron tambi\u00e9n en el mejor de los t\u00e9rminos, <\/span><span data-contrast=\"auto\">gener\u00e1ndose un anexo del contrato ya vigente en que l<\/span><span data-contrast=\"auto\">os beneficios del contrato colectivo de 2020 no se hicieron efectivos a causa de la pandemia, que impidi\u00f3 la realizaci\u00f3n de una capacitaci\u00f3n de 32 horas.<\/span><span data-ccp-props=\"{&quot;201341983&quot;:0,&quot;335551550&quot;:6,&quot;335551620&quot;:6,&quot;335559739&quot;:160,&quot;335559740&quot;:259}\">\u00a0<\/span><\/p>\n<p><span data-contrast=\"auto\">\u201cSe logr\u00f3 concordar que nuestra Corporaci\u00f3n de Educaci\u00f3n va a hacer entrega de una <\/span><span data-contrast=\"auto\">gift<\/span><span data-contrast=\"auto\">\u00a0<\/span><span data-contrast=\"auto\">card<\/span><span data-contrast=\"auto\"> de $65 mil para cada uno de los integrantes del sindicato VTF. Estamos hablando de 60 socias. En este anexo se deja estipulado que la entrega no va a ser a un plazo superior al 31 de marzo\u201d, explic\u00f3 Carlos G\u00f3mez, alcalde y presidente de la corporaci\u00f3n educacional.<\/span><span data-ccp-props=\"{&quot;201341983&quot;:0,&quot;335551550&quot;:6,&quot;335551620&quot;:6,&quot;335559739&quot;:160,&quot;335559740&quot;:259}\">\u00a0<\/span><\/p>\n<p><span data-contrast=\"auto\">Otro de los beneficios tiene relaci\u00f3n con la\u00a0entrega de dos delantales de trabajo a cada socia, que tiene por un valor de $26 mil \u201cy quienes van a hacer las cotizaciones para ver d\u00f3nde se va adquirir este implemento de trabajo va a ser la directiva del sindicato. La corporaci\u00f3n ya entreg\u00f3 en la remuneraci\u00f3n de febrero un monto de $30 mil a cada socia\u201d, se\u00f1al\u00f3 el edil.<\/span><span data-ccp-props=\"{&quot;201341983&quot;:0,&quot;335551550&quot;:6,&quot;335551620&quot;:6,&quot;335559739&quot;:160,&quot;335559740&quot;:259}\">\u00a0<\/span><\/p>\n<p><span data-contrast=\"auto\">As\u00ed mismo, el alcalde adelant\u00f3 que se agreg\u00f3 al anexo la suma de $150 mil para el grupo sindical por concepto de actividad de fin de a\u00f1o.<\/span><span data-ccp-props=\"{&quot;201341983&quot;:0,&quot;335551550&quot;:6,&quot;335551620&quot;:6,&quot;335559739&quot;:160,&quot;335559740&quot;:259}\">\u00a0<\/span><\/p>\n<p><span data-contrast=\"auto\">La presidenta de la organizaci\u00f3n sindical, Victoria Vidal, se mostr\u00f3 conforme con la negociaci\u00f3n\u00a0con el empleador, considerando que son beneficios que no se hab\u00edan pendientes del 2020 y ahora tendr\u00e1n claridad de c\u00f3mo y cu\u00e1ndo ser\u00e1n entregados.<\/span><span data-ccp-props=\"{&quot;201341983&quot;:0,&quot;335551550&quot;:6,&quot;335551620&quot;:6,&quot;335559739&quot;:160,&quot;335559740&quot;:259}\">\u00a0<\/span><\/p>\n<p><span data-contrast=\"auto\">En el\u00a0momento de la formalizaci\u00f3n\u00a0se confirm\u00f3 tambi\u00e9n un advenimiento frente a\u00a0una acci\u00f3n legal presentada por el Sindicato de Funcionarias V\u00eda de Transferencia de Fondos, debido\u00a0a diferencias de interpretaci\u00f3n de una de las cl\u00e1usulas del contrato. El acuerdo, en su parte gruesa,\u00a0establece\u00a0que la Corporaci\u00f3n Municipal de Educaci\u00f3n se compromete a cancelar $26 millones en cuotas pactadas entre los meses de mayo y diciembre.<\/span><span data-ccp-props=\"{&quot;201341983&quot;:0,&quot;335551550&quot;:6,&quot;335551620&quot;:6,&quot;335559739&quot;:160,&quot;335559740&quot;:259}\">\u00a0<\/span><\/p>\n<p><span data-ccp-props=\"{&quot;201341983&quot;:0,&quot;335551550&quot;:6,&quot;335551620&quot;:6,&quot;335559739&quot;:160,&quot;335559740&quot;:259}\">\u00a0<\/span><\/p>\n","protected":false},"excerpt":{"rendered":"<p>En menos de un mes entre la entidad municipal y sus asociaciones se han formalizado\u00a03 anexos de contrato \u00a0 Un acuerdo entre la corporaci\u00f3n Municipal de Educaci\u00f3n, Salud y Cuidado al Menor con el Sindicato de Funcionarias V\u00eda Transferencia de Fondos (VTF), se logr\u00f3 establecer esta semana, lo que se traduce en una\u00a0asignaci\u00f3n equivalente a [&hellip;]<\/p>\n","protected":false},"author":7,"featured_media":28897,"comment_status":"closed","ping_status":"closed","sticky":false,"template":"","format":"standard","meta":{"footnotes":""},"categories":[25,4],"tags":[],"class_list":["post-28907","post","type-post","status-publish","format-standard","has-post-thumbnail","hentry","category-educacion","category-sala-de-prensa"],"_links":{"self":[{"href":"https:\/\/www.muniancud.cl\/portal\/wp-json\/wp\/v2\/posts\/28907","targetHints":{"allow":["GET"]}}],"collection":[{"href":"https:\/\/www.muniancud.cl\/portal\/wp-json\/wp\/v2\/posts"}],"about":[{"href":"https:\/\/www.muniancud.cl\/portal\/wp-json\/wp\/v2\/types\/post"}],"author":[{"embeddable":true,"href":"https:\/\/www.muniancud.cl\/portal\/wp-json\/wp\/v2\/users\/7"}],"replies":[{"embeddable":true,"href":"https:\/\/www.muniancud.cl\/portal\/wp-json\/wp\/v2\/comments?post=28907"}],"version-history":[{"count":2,"href":"https:\/\/www.muniancud.cl\/portal\/wp-json\/wp\/v2\/posts\/28907\/revisions"}],"predecessor-version":[{"id":28909,"href":"https:\/\/www.muniancud.cl\/portal\/wp-json\/wp\/v2\/posts\/28907\/revisions\/28909"}],"wp:featuredmedia":[{"embeddable":true,"href":"https:\/\/www.muniancud.cl\/portal\/wp-json\/wp\/v2\/media\/28897"}],"wp:attachment":[{"href":"https:\/\/www.muniancud.cl\/portal\/wp-json\/wp\/v2\/media?parent=28907"}],"wp:term":[{"taxonomy":"category","embeddable":true,"href":"https:\/\/www.muniancud.cl\/portal\/wp-json\/wp\/v2\/categories?post=28907"},{"taxonomy":"post_tag","embeddable":true,"href":"https:\/\/www.muniancud.cl\/portal\/wp-json\/wp\/v2\/tags?post=28907"}],"curies":[{"name":"wp","href":"https:\/\/api.w.org\/{rel}","templated":true}]}}