{"id":29449,"date":"2021-08-13T22:20:26","date_gmt":"2021-08-14T02:20:26","guid":{"rendered":"https:\/\/www.muniancud.cl\/portal\/?p=29449"},"modified":"2021-08-13T22:20:26","modified_gmt":"2021-08-14T02:20:26","slug":"comision-de-descentralizacion-de-la-convencion-constitucional-sesionara-en-ancud","status":"publish","type":"post","link":"https:\/\/www.muniancud.cl\/portal\/comision-de-descentralizacion-de-la-convencion-constitucional-sesionara-en-ancud\/","title":{"rendered":"Comisi\u00f3n de descentralizaci\u00f3n de la Convenci\u00f3n Constitucional sesionar\u00e1 en Ancud"},"content":{"rendered":"<p>Como una forma de apoyar la descentralizaci\u00f3n de la administraci\u00f3n pol\u00edtica nacional, escuchando a diversas organizaciones regionales, es que la Convenci\u00f3n Constitucional defini\u00f3 sesionar en 4 puntos distintos del territorio fuera de la capital.<\/p>\n<p>Es as\u00ed como lo inform\u00f3 el constituyente chilote, Julio \u00c1lvarez, se\u00f1alando que una de estas ciudades ser\u00e1 Ancud, el 20 de agosto, coincidentemente con el aniversario de la fundaci\u00f3n de la ciudad, debido a su equidistancia respecto a las otras ciudades de la zona austral, comprendiendo regiones de Los Lagos, Ays\u00e9n y Magallanes.<\/p>\n<p>Adem\u00e1s, considerando que el alcalde de la comuna, Carlos G\u00f3mez Miranda, realiz\u00f3 gestiones destinadas a alcanzar este primer paso hist\u00f3rico, ofreciendo dependencias locales y toda la infraestructura necesaria para funcionar, lo mismo que el Gobernador Regional Patricio Vallesp\u00edn.<\/p>\n<p>De esta manera, el edil ancuditano se refiri\u00f3 a esta importante consideraci\u00f3n con la comuna del Pudeto, agradeciendo al constituyente el poder llevar a cabo esta responsabilidad. \u201cYo encantado. Es un hecho hist\u00f3rico, y nosotros como municipalidad y como alcalde no vamos a escatimar esfuerzos para recibirlos de la mejor forma posible y para asegurar que el trabajo que ellos van a llevar adelante, el pr\u00f3ximo viernes 20, sea lo m\u00e1s efectivo para la comisi\u00f3n, pero tambi\u00e9n de mucho provecho para el territorio que es nuestro\u201d.<\/p>\n<p>El edil detall\u00f3 que el lugar escogido es la sala de reuniones del Consejo Municipal, principalmente por la posibilidad de conectividad satelital que necesitan, ya que se trata de una reuni\u00f3n en que habr\u00e1 constituyentes presenciales, m\u00e1s lo que se encuentren en otras regiones del pa\u00eds, que actuar\u00e1n de manera remota.<\/p>\n<p>TEMA PRIMORDIAL<\/p>\n<p>Para el Alcalde G\u00f3mez uno de los temas que pretende poner con fuerza es la posibilidad de establecer a Chilo\u00e9 como una nueva regi\u00f3n. \u201cCreo que esta es la instancia. Aunque es un tema bastante manoseado, cada vez que se acercan las elecciones, ya sea elecciones locales -como de alcalde o de concejales- o de parlamentario o presidenciales, vuelve a renacer la solicitud de Chilo\u00e9 regi\u00f3n. Yo creo que eso puede ser tratado con mucha seriedad y responsabilidad a trav\u00e9s de los constituyentes y eso es lo que yo pretendo hacer\u201d.<\/p>\n<p>En ese sentido, Julio \u00c1lvarez, mantiene la misma posici\u00f3n respecto a la nueva regi\u00f3n de Chilo\u00e9. \u201cYo tengo la convicci\u00f3n de que eso debe ser as\u00ed. Creo que reunimos todos los requisitos para ser una regi\u00f3n aparte, distinta a Los Lagos. Nosotros reunimos requisitos hist\u00f3ricos, medioambientales, culturales, de todo tipo; entonces, en esa instancia, es que nosotros ya hemos planteado de manera reiterada en la Asamblea Constituyente. Todas las veces que yo\u00a0 intervenido he hablado de Chilo\u00e9 regi\u00f3n. As\u00ed mismo, agreg\u00f3 que \u201cla nueva constituci\u00f3n debiera crear dos regiones, que es la regi\u00f3n de Atacama y la regi\u00f3n de Chilo\u00e9, al menos\u201d, finaliz\u00f3.<\/p>\n","protected":false},"excerpt":{"rendered":"<p>Como una forma de apoyar la descentralizaci\u00f3n de la administraci\u00f3n pol\u00edtica nacional, escuchando a diversas organizaciones regionales, es que la Convenci\u00f3n Constitucional defini\u00f3 sesionar en 4 puntos distintos del territorio fuera de la capital. Es as\u00ed como lo inform\u00f3 el constituyente chilote, Julio \u00c1lvarez, se\u00f1alando que una de estas ciudades ser\u00e1 Ancud, el 20 de [&hellip;]<\/p>\n","protected":false},"author":7,"featured_media":29450,"comment_status":"closed","ping_status":"closed","sticky":false,"template":"","format":"standard","meta":{"footnotes":""},"categories":[4],"tags":[],"class_list":["post-29449","post","type-post","status-publish","format-standard","has-post-thumbnail","hentry","category-sala-de-prensa"],"_links":{"self":[{"href":"https:\/\/www.muniancud.cl\/portal\/wp-json\/wp\/v2\/posts\/29449","targetHints":{"allow":["GET"]}}],"collection":[{"href":"https:\/\/www.muniancud.cl\/portal\/wp-json\/wp\/v2\/posts"}],"about":[{"href":"https:\/\/www.muniancud.cl\/portal\/wp-json\/wp\/v2\/types\/post"}],"author":[{"embeddable":true,"href":"https:\/\/www.muniancud.cl\/portal\/wp-json\/wp\/v2\/users\/7"}],"replies":[{"embeddable":true,"href":"https:\/\/www.muniancud.cl\/portal\/wp-json\/wp\/v2\/comments?post=29449"}],"version-history":[{"count":1,"href":"https:\/\/www.muniancud.cl\/portal\/wp-json\/wp\/v2\/posts\/29449\/revisions"}],"predecessor-version":[{"id":29451,"href":"https:\/\/www.muniancud.cl\/portal\/wp-json\/wp\/v2\/posts\/29449\/revisions\/29451"}],"wp:featuredmedia":[{"embeddable":true,"href":"https:\/\/www.muniancud.cl\/portal\/wp-json\/wp\/v2\/media\/29450"}],"wp:attachment":[{"href":"https:\/\/www.muniancud.cl\/portal\/wp-json\/wp\/v2\/media?parent=29449"}],"wp:term":[{"taxonomy":"category","embeddable":true,"href":"https:\/\/www.muniancud.cl\/portal\/wp-json\/wp\/v2\/categories?post=29449"},{"taxonomy":"post_tag","embeddable":true,"href":"https:\/\/www.muniancud.cl\/portal\/wp-json\/wp\/v2\/tags?post=29449"}],"curies":[{"name":"wp","href":"https:\/\/api.w.org\/{rel}","templated":true}]}}