{"id":29464,"date":"2021-08-16T13:22:40","date_gmt":"2021-08-16T17:22:40","guid":{"rendered":"https:\/\/www.muniancud.cl\/portal\/?p=29464"},"modified":"2021-08-16T13:25:03","modified_gmt":"2021-08-16T17:25:03","slug":"municipalidad-de-ancud-lanza-portal-web-de-turismo","status":"publish","type":"post","link":"https:\/\/www.muniancud.cl\/portal\/municipalidad-de-ancud-lanza-portal-web-de-turismo\/","title":{"rendered":"Municipalidad de Ancud lanza portal web de turismo: www.ancud.cl"},"content":{"rendered":"<p>La difusi\u00f3n de los encantos de la comuna de Ancud siempre ha estado dentro de los punto estrat\u00e9gicos de la administraci\u00f3n municipal. En ese sentido, y entendiendo que Ancud es la puerta de entrada al archipi\u00e9lago, es que la Direcci\u00f3n de Turismo y Fomento Productivo del municipio desarroll\u00f3 un sitio dedicado exclusivamente para difundir los lugares, las empresas dedicadas y los emprendimientos que deben ser conocidos por los visitantes: <a href=\"https:\/\/www.ancud.cl\">www.ancud.cl.<\/a><\/p>\n<p>As\u00ed es que, considerando la temporada estival que se avecina, y con los aforos y normativas sanitarias cada vez m\u00e1s flexibles para los viajeros, es que se comienza a preparar a Ancud como el destino que sobresalga del resto de las comunas de la provincia de Chilo\u00e9.<\/p>\n<p>Y para el Alcalde de Ancud, Carlos G\u00f3mez Miranda, ese trabajo se realiza de manera conjunta entre el sector privado y el p\u00fablico. \u201cHoy d\u00eda todos somos unos convencidos que eso debe ocurrir as\u00ed. Ancud lo tiene todo. Tiene cultura, tiene paisajes, tiene excelentes playas, tiene folclor, tiene gastronom\u00eda, tiene infraestructura para poder acoger de la mejor forma a los visitantes, dentro de nuestro pa\u00eds como tambi\u00e9n aquellos que van a llegar del extranjero\u201d, expres\u00f3 el edil.<\/p>\n<p>Adem\u00e1s, la autoridad destac\u00f3 c\u00f3mo se deben adecuar los canales a las nuevas tecnolog\u00edas y masificar la llegada de la informaci\u00f3n. \u201cCuando pensamos c\u00f3mo promovemos nuestra comuna y anteriormente lo hac\u00edamos entregando folleter\u00eda en algunos puntos de la ciudad o lo hac\u00edamos entregando folleter\u00eda en el transbordador o en Puerto Montt. Hoy d\u00eda tenemos que medios que nos permiten, sin movernos de nuestro escritorio, darnos a conocer el mundo y eso lo estamos haciendo justamente con esta p\u00e1gina web\u201d.<\/p>\n<p><img loading=\"lazy\" decoding=\"async\" class=\" wp-image-29467 alignright\" src=\"https:\/\/www.muniancud.cl\/portal\/wp-content\/uploads\/2021\/08\/226718610_1452493438468836_1924591919836028078_n-300x225.jpg\" alt=\"\" width=\"429\" height=\"322\" srcset=\"https:\/\/www.muniancud.cl\/portal\/wp-content\/uploads\/2021\/08\/226718610_1452493438468836_1924591919836028078_n-300x225.jpg 300w, https:\/\/www.muniancud.cl\/portal\/wp-content\/uploads\/2021\/08\/226718610_1452493438468836_1924591919836028078_n-1024x768.jpg 1024w, https:\/\/www.muniancud.cl\/portal\/wp-content\/uploads\/2021\/08\/226718610_1452493438468836_1924591919836028078_n-768x576.jpg 768w, https:\/\/www.muniancud.cl\/portal\/wp-content\/uploads\/2021\/08\/226718610_1452493438468836_1924591919836028078_n-1536x1152.jpg 1536w, https:\/\/www.muniancud.cl\/portal\/wp-content\/uploads\/2021\/08\/226718610_1452493438468836_1924591919836028078_n-80x60.jpg 80w, https:\/\/www.muniancud.cl\/portal\/wp-content\/uploads\/2021\/08\/226718610_1452493438468836_1924591919836028078_n-265x198.jpg 265w, https:\/\/www.muniancud.cl\/portal\/wp-content\/uploads\/2021\/08\/226718610_1452493438468836_1924591919836028078_n-696x522.jpg 696w, https:\/\/www.muniancud.cl\/portal\/wp-content\/uploads\/2021\/08\/226718610_1452493438468836_1924591919836028078_n-1068x801.jpg 1068w, https:\/\/www.muniancud.cl\/portal\/wp-content\/uploads\/2021\/08\/226718610_1452493438468836_1924591919836028078_n-560x420.jpg 560w, https:\/\/www.muniancud.cl\/portal\/wp-content\/uploads\/2021\/08\/226718610_1452493438468836_1924591919836028078_n-1920x1440.jpg 1920w, https:\/\/www.muniancud.cl\/portal\/wp-content\/uploads\/2021\/08\/226718610_1452493438468836_1924591919836028078_n.jpg 2048w\" sizes=\"auto, (max-width: 429px) 100vw, 429px\" \/>La Directora de Turismo y Fomento Productivo del municipio, Leonor Herrera, explic\u00f3 que Ancud es la \u00fanica comuna de la provincia de Chilo\u00e9 que tiene un portal exclusivamente dedicado a promover el turismo, a trav\u00e9s del cual se da de reconocer lo que es la comuna. \u201cUstedes van a encontrar antecedentes hist\u00f3ricos, atractivos tur\u00edsticos; vamos a encontrar servicios en esta p\u00e1gina, que es para nuestros usuarios, para la gente que viene a venir a conocer la comuna, donde los prestadores de servicio del comercio, del turismo para poder difundir sus emprendimientos y empresas\u201d.<\/p>\n<p>Todo ese trabajo se realiz\u00f3 por la Oficina Municipal de Turismo, haciendo un catastro de los servicios tur\u00edsticos formalizados, con quienes se sociabiliz\u00f3 el avance del portal, con el fin de obtener comentarios o sugerencias y poder construir esta herramienta de forma participativa.<\/p>\n<p>En la presentaci\u00f3n de este portal, el Alcalde de la comuna, destac\u00f3 la presencia de representantes del \u00e1mbito tur\u00edstico de la ciudad, de la Asociaci\u00f3n de Turismo de Ancud y la C\u00e1mara de Comercio de la comuna, lo que le da m\u00e1s realce y significa un amplio respaldo a las acciones que se est\u00e1n realizando para lograr establecer a Ancud como un destino imperdible dentro del territorio nacional, tanto para viajeros del pa\u00eds, como del extranjero.<\/p>\n","protected":false},"excerpt":{"rendered":"<p>La difusi\u00f3n de los encantos de la comuna de Ancud siempre ha estado dentro de los punto estrat\u00e9gicos de la administraci\u00f3n municipal. En ese sentido, y entendiendo que Ancud es la puerta de entrada al archipi\u00e9lago, es que la Direcci\u00f3n de Turismo y Fomento Productivo del municipio desarroll\u00f3 un sitio dedicado exclusivamente para difundir los [&hellip;]<\/p>\n","protected":false},"author":7,"featured_media":29466,"comment_status":"closed","ping_status":"closed","sticky":false,"template":"","format":"standard","meta":{"footnotes":""},"categories":[34,4],"tags":[],"class_list":["post-29464","post","type-post","status-publish","format-standard","has-post-thumbnail","hentry","category-ditufop","category-sala-de-prensa"],"_links":{"self":[{"href":"https:\/\/www.muniancud.cl\/portal\/wp-json\/wp\/v2\/posts\/29464","targetHints":{"allow":["GET"]}}],"collection":[{"href":"https:\/\/www.muniancud.cl\/portal\/wp-json\/wp\/v2\/posts"}],"about":[{"href":"https:\/\/www.muniancud.cl\/portal\/wp-json\/wp\/v2\/types\/post"}],"author":[{"embeddable":true,"href":"https:\/\/www.muniancud.cl\/portal\/wp-json\/wp\/v2\/users\/7"}],"replies":[{"embeddable":true,"href":"https:\/\/www.muniancud.cl\/portal\/wp-json\/wp\/v2\/comments?post=29464"}],"version-history":[{"count":7,"href":"https:\/\/www.muniancud.cl\/portal\/wp-json\/wp\/v2\/posts\/29464\/revisions"}],"predecessor-version":[{"id":29473,"href":"https:\/\/www.muniancud.cl\/portal\/wp-json\/wp\/v2\/posts\/29464\/revisions\/29473"}],"wp:featuredmedia":[{"embeddable":true,"href":"https:\/\/www.muniancud.cl\/portal\/wp-json\/wp\/v2\/media\/29466"}],"wp:attachment":[{"href":"https:\/\/www.muniancud.cl\/portal\/wp-json\/wp\/v2\/media?parent=29464"}],"wp:term":[{"taxonomy":"category","embeddable":true,"href":"https:\/\/www.muniancud.cl\/portal\/wp-json\/wp\/v2\/categories?post=29464"},{"taxonomy":"post_tag","embeddable":true,"href":"https:\/\/www.muniancud.cl\/portal\/wp-json\/wp\/v2\/tags?post=29464"}],"curies":[{"name":"wp","href":"https:\/\/api.w.org\/{rel}","templated":true}]}}