{"id":29477,"date":"2021-08-20T17:28:27","date_gmt":"2021-08-20T21:28:27","guid":{"rendered":"https:\/\/www.muniancud.cl\/portal\/?p=29477"},"modified":"2021-08-20T17:28:27","modified_gmt":"2021-08-20T21:28:27","slug":"ancud-celebra-253-anos-de-su-fundacion-con-desafios-y-propuestas","status":"publish","type":"post","link":"https:\/\/www.muniancud.cl\/portal\/ancud-celebra-253-anos-de-su-fundacion-con-desafios-y-propuestas\/","title":{"rendered":"Ancud celebra 253 a\u00f1os de su fundaci\u00f3n con desaf\u00edos y propuestas"},"content":{"rendered":"<p>Este 20 de agosto, se celebra un nuevo aniversario de la comuna de Ancud. Son 253 a\u00f1os de historia que has sido recorridos con diversos anhelos, dificultades y mucho esfuerzo de sus habitantes.<\/p>\n<p>Es por ello que, siendo la primera ceremonia oficial que se desarrolla desde el inicio de la pandemia, tiene un sabor especial. Si el aniversario anterior no se pudo realizar ning\u00fan acto con p\u00fablico, hoy ya vivimos una jornada especial e hist\u00f3rica. Adem\u00e1s de las actividades protocolares oficiales, en nuestra comuna se llev\u00f3 a cabo la primera sesi\u00f3n de una comisi\u00f3n constituyente que busca plasmar en una nueva carta magna un deseo muy querido por los chilotes: que el archipi\u00e9lago de Chilo\u00e9 sea una nueva regi\u00f3n.<\/p>\n<p>En ese sentido, el Alcalde de la comuna, Carlos G\u00f3mez Miranda, al hacer un saludo a los convencionales, inst\u00e1ndolos a tener en consideraci\u00f3n las diversas carencias que representa ser un territorio alejado del centro, ser insular, y m\u00e1s a\u00fan se parte de una regi\u00f3n alejada.<\/p>\n<p>\u201cComo autoridad comunal, me ha tocado convivir durante a\u00f1os con la frustraci\u00f3n de representar un territorio insular, compuesto por comunas peque\u00f1as y alejado de Santiago. Tres factores condenatorios a la hora de gestionar recursos econ\u00f3micos o reuniones con el nivel central, pero que nos instan d\u00eda a d\u00eda a seguir luchando por lo que creemos merecer, que no es otra cosa que equidad territorial. En esto soy claro: No existen chilenos de primera y segunda categor\u00eda\u201d, se\u00f1al\u00f3 el edil ante los pol\u00edticos.<\/p>\n<p><strong>ANIVERSARIO<\/strong><\/p>\n<p>En cuanto a las ceremonias oficiales municipales de aniversario, \u00e9stas se iniciaron a las 9 de la ma\u00f1ana, con el izamiento del pabell\u00f3n patrio en el frontis del edificio municipal, en honor a la fundaci\u00f3n de Ancud, contando -adem\u00e1s- con la presentaci\u00f3n del Orfe\u00f3n \u201cEl Despertar\u201d de Ancud, y del conjunto de cueca del Vallet Folcl\u00f3rico Renacer.<img loading=\"lazy\" decoding=\"async\" class=\" wp-image-29480 alignright\" src=\"https:\/\/www.muniancud.cl\/portal\/wp-content\/uploads\/2021\/08\/a50604de-d063-4660-bb00-f633141cc6ef-300x200.jpg\" alt=\"\" width=\"500\" height=\"334\" srcset=\"https:\/\/www.muniancud.cl\/portal\/wp-content\/uploads\/2021\/08\/a50604de-d063-4660-bb00-f633141cc6ef-300x200.jpg 300w, https:\/\/www.muniancud.cl\/portal\/wp-content\/uploads\/2021\/08\/a50604de-d063-4660-bb00-f633141cc6ef-1024x682.jpg 1024w, https:\/\/www.muniancud.cl\/portal\/wp-content\/uploads\/2021\/08\/a50604de-d063-4660-bb00-f633141cc6ef-768x512.jpg 768w, https:\/\/www.muniancud.cl\/portal\/wp-content\/uploads\/2021\/08\/a50604de-d063-4660-bb00-f633141cc6ef-696x464.jpg 696w, https:\/\/www.muniancud.cl\/portal\/wp-content\/uploads\/2021\/08\/a50604de-d063-4660-bb00-f633141cc6ef-1068x712.jpg 1068w, https:\/\/www.muniancud.cl\/portal\/wp-content\/uploads\/2021\/08\/a50604de-d063-4660-bb00-f633141cc6ef-630x420.jpg 630w, https:\/\/www.muniancud.cl\/portal\/wp-content\/uploads\/2021\/08\/a50604de-d063-4660-bb00-f633141cc6ef.jpg 1280w\" sizes=\"auto, (max-width: 500px) 100vw, 500px\" \/><\/p>\n<p>En la oportunidad, la m\u00e1xima autoridad comuna salud\u00f3 a la comunidad presente y a las que lo presenciaron a trav\u00e9s de redes sociales, destacando que \u201cseguiremos trabajando comprometidos\u00a0 para lograr que en un nuevo aniversario, Ancud sea m\u00e1s pr\u00f3spera y con el desarrollo que merece\u201d.<\/p>\n<p>Para continuar la jornada de conmemoraci\u00f3n que, pese a la alegr\u00eda de poder celebrarlos con la comunidad, se v\u00edo enmarcada por el respeto a las medidas sanitarias para evitar contagios de Covid 19; lo que hizo que se acotaran los aforos y se controlara al ingreso del auditorio de la escuela Anexa de la comuna, donde se realz\u00f3 una ceremonia formal en la que la autoridad edilicia hizo un balance \u00a0de los \u00faltimos meses en la comuna, para dar paso a los desaf\u00edos que se vienen para Ancud.<\/p>\n<p>\u201cPara este nuevo periodo nos enfrentamos a desaf\u00edos may\u00fasculos, por un lado, a una era post pandemia con las complicaciones econ\u00f3micas y sociales que conlleva. Y por otro lado, debemos hacernos cargo de las transformaciones y demandas de una comunidad cada d\u00eda m\u00e1s activa. A ello estamos convocados, lo digo siempre: la colaboraci\u00f3n y la unidad son elementos vitales para el \u00e9xito de las comunas\u201d, expres\u00f3 el alcalde.<\/p>\n<p>Agreg\u00f3, adem\u00e1s, que lo que se viene a futuro es un compromiso de esos que le dan sentido a la vocaci\u00f3n de servicio p\u00fablico. Mencionando varios avances que se esperan conseguir. Tal como es el financiamiento para un nuevo Plan Regulador Comunal, que reordenara\u0301 la ciudad permitiendo, dentro de otras cosas, disponer de mayores zonas para construir viviendas sociales eliminar el d\u00e9ficit habitacional de Ancud.<img loading=\"lazy\" decoding=\"async\" class=\" wp-image-29479 alignright\" src=\"https:\/\/www.muniancud.cl\/portal\/wp-content\/uploads\/2021\/08\/0c6f7a2e-cede-45bf-8336-fc098d1e0e27-300x200.jpg\" alt=\"\" width=\"470\" height=\"313\" srcset=\"https:\/\/www.muniancud.cl\/portal\/wp-content\/uploads\/2021\/08\/0c6f7a2e-cede-45bf-8336-fc098d1e0e27-300x200.jpg 300w, https:\/\/www.muniancud.cl\/portal\/wp-content\/uploads\/2021\/08\/0c6f7a2e-cede-45bf-8336-fc098d1e0e27-1024x682.jpg 1024w, https:\/\/www.muniancud.cl\/portal\/wp-content\/uploads\/2021\/08\/0c6f7a2e-cede-45bf-8336-fc098d1e0e27-768x512.jpg 768w, https:\/\/www.muniancud.cl\/portal\/wp-content\/uploads\/2021\/08\/0c6f7a2e-cede-45bf-8336-fc098d1e0e27-696x464.jpg 696w, https:\/\/www.muniancud.cl\/portal\/wp-content\/uploads\/2021\/08\/0c6f7a2e-cede-45bf-8336-fc098d1e0e27-1068x712.jpg 1068w, https:\/\/www.muniancud.cl\/portal\/wp-content\/uploads\/2021\/08\/0c6f7a2e-cede-45bf-8336-fc098d1e0e27-630x420.jpg 630w, https:\/\/www.muniancud.cl\/portal\/wp-content\/uploads\/2021\/08\/0c6f7a2e-cede-45bf-8336-fc098d1e0e27.jpg 1280w\" sizes=\"auto, (max-width: 470px) 100vw, 470px\" \/><\/p>\n<p>As\u00ed mismo, destac\u00f3 la licitaci\u00f3n del Proyecto de Agua y Alcantarillado \u201cma\u0301s importante en cuanto a recursos de esta administracio\u0301n Municipal. Con un monto superior a 1.700 millones de pesos se termina la espera de m\u00e1s de 30 anos de los vecinos de los sectores Villa R\u00edo Pudeto y Los Aromos que hoy en d\u00eda se abastecen de agua potable a trav\u00e9s de camiones aljibes y sin red de alcantarillado\u201d.<\/p>\n<p>De la misma manera, se refiri\u00f3 a que se seguir\u00e1n realizando mejoramientos que disminuyan las consecuencias que dejan las lluvias en calle 18, \u00a0insistiendo con el gobierno en un Plan Maestro de Evacuaci\u00f3n de Aguas, que es la \u00fanica soluci\u00f3n a las inundaciones que por d\u00e9cadas han afectado al sector.<\/p>\n","protected":false},"excerpt":{"rendered":"<p>Este 20 de agosto, se celebra un nuevo aniversario de la comuna de Ancud. Son 253 a\u00f1os de historia que has sido recorridos con diversos anhelos, dificultades y mucho esfuerzo de sus habitantes. Es por ello que, siendo la primera ceremonia oficial que se desarrolla desde el inicio de la pandemia, tiene un sabor especial. [&hellip;]<\/p>\n","protected":false},"author":7,"featured_media":29478,"comment_status":"closed","ping_status":"closed","sticky":false,"template":"","format":"standard","meta":{"footnotes":""},"categories":[4],"tags":[],"class_list":["post-29477","post","type-post","status-publish","format-standard","has-post-thumbnail","hentry","category-sala-de-prensa"],"_links":{"self":[{"href":"https:\/\/www.muniancud.cl\/portal\/wp-json\/wp\/v2\/posts\/29477","targetHints":{"allow":["GET"]}}],"collection":[{"href":"https:\/\/www.muniancud.cl\/portal\/wp-json\/wp\/v2\/posts"}],"about":[{"href":"https:\/\/www.muniancud.cl\/portal\/wp-json\/wp\/v2\/types\/post"}],"author":[{"embeddable":true,"href":"https:\/\/www.muniancud.cl\/portal\/wp-json\/wp\/v2\/users\/7"}],"replies":[{"embeddable":true,"href":"https:\/\/www.muniancud.cl\/portal\/wp-json\/wp\/v2\/comments?post=29477"}],"version-history":[{"count":1,"href":"https:\/\/www.muniancud.cl\/portal\/wp-json\/wp\/v2\/posts\/29477\/revisions"}],"predecessor-version":[{"id":29481,"href":"https:\/\/www.muniancud.cl\/portal\/wp-json\/wp\/v2\/posts\/29477\/revisions\/29481"}],"wp:featuredmedia":[{"embeddable":true,"href":"https:\/\/www.muniancud.cl\/portal\/wp-json\/wp\/v2\/media\/29478"}],"wp:attachment":[{"href":"https:\/\/www.muniancud.cl\/portal\/wp-json\/wp\/v2\/media?parent=29477"}],"wp:term":[{"taxonomy":"category","embeddable":true,"href":"https:\/\/www.muniancud.cl\/portal\/wp-json\/wp\/v2\/categories?post=29477"},{"taxonomy":"post_tag","embeddable":true,"href":"https:\/\/www.muniancud.cl\/portal\/wp-json\/wp\/v2\/tags?post=29477"}],"curies":[{"name":"wp","href":"https:\/\/api.w.org\/{rel}","templated":true}]}}