{"id":29482,"date":"2021-08-20T13:49:21","date_gmt":"2021-08-20T17:49:21","guid":{"rendered":"https:\/\/www.muniancud.cl\/portal\/?p=29482"},"modified":"2021-08-20T17:52:42","modified_gmt":"2021-08-20T21:52:42","slug":"alcalde-de-ancud-dio-bienvenida-a-comision-constituyente-y-los-insta-a-pensar-en-chiloe-region","status":"publish","type":"post","link":"https:\/\/www.muniancud.cl\/portal\/alcalde-de-ancud-dio-bienvenida-a-comision-constituyente-y-los-insta-a-pensar-en-chiloe-region\/","title":{"rendered":"Alcalde de Ancud dio bienvenida a comisi\u00f3n constituyente y los insta a pensar en Chilo\u00e9 Regi\u00f3n"},"content":{"rendered":"<p>Durante la ma\u00f1ana de este viernes, en la sede de la Universidad de los Lagos en la ciudad de Ancud, se dio inicio a la sesi\u00f3n de la Comisi\u00f3n descentralizadora de la convenci\u00f3n constituyente, encargada de redactar la nueva carta magna para nuestro pa\u00eds.<\/p>\n<p>Siendo esta una fecha especial, por ser el aniversario n\u00famero 253 que nuestra comuna, se da esta coincidencia que transforma este 20 de agosto de de 2021 en una fecha hist\u00f3rica.<\/p>\n<p>En la oportunidad, y en su ceremonia de inauguraci\u00f3n, el alcalde de la comuna de Ancud, Carlos G\u00f3mez Miranda, dio la bienvenida a los constituyentes y les entreg\u00f3 un mensaje en el que se reflejan los deseos de todos los chilotes: transformar la provincia de Chilo\u00e9 en una nueva regi\u00f3n, aut\u00f3noma, con sus propios recursos y que pueda tomar sus propias decisiones.<\/p>\n<p><img loading=\"lazy\" decoding=\"async\" class=\" wp-image-29484 alignright\" src=\"https:\/\/www.muniancud.cl\/portal\/wp-content\/uploads\/2021\/08\/6ab75c5a-b83b-4613-b2e1-8463e9efcbcc-300x139.jpg\" alt=\"\" width=\"580\" height=\"268\" srcset=\"https:\/\/www.muniancud.cl\/portal\/wp-content\/uploads\/2021\/08\/6ab75c5a-b83b-4613-b2e1-8463e9efcbcc-300x139.jpg 300w, https:\/\/www.muniancud.cl\/portal\/wp-content\/uploads\/2021\/08\/6ab75c5a-b83b-4613-b2e1-8463e9efcbcc-1024x474.jpg 1024w, https:\/\/www.muniancud.cl\/portal\/wp-content\/uploads\/2021\/08\/6ab75c5a-b83b-4613-b2e1-8463e9efcbcc-768x355.jpg 768w, https:\/\/www.muniancud.cl\/portal\/wp-content\/uploads\/2021\/08\/6ab75c5a-b83b-4613-b2e1-8463e9efcbcc-696x322.jpg 696w, https:\/\/www.muniancud.cl\/portal\/wp-content\/uploads\/2021\/08\/6ab75c5a-b83b-4613-b2e1-8463e9efcbcc-1068x494.jpg 1068w, https:\/\/www.muniancud.cl\/portal\/wp-content\/uploads\/2021\/08\/6ab75c5a-b83b-4613-b2e1-8463e9efcbcc-908x420.jpg 908w, https:\/\/www.muniancud.cl\/portal\/wp-content\/uploads\/2021\/08\/6ab75c5a-b83b-4613-b2e1-8463e9efcbcc.jpg 1280w\" sizes=\"auto, (max-width: 580px) 100vw, 580px\" \/>\u201cEs sin duda, muy gratificante para nosotros los chilotes y tambi\u00e9n para los habitantes de la regi\u00f3n de Los Lagos, que se lleven a cabo audiencias de participaci\u00f3n ciudadana en nuestra zona. Pero. m\u00e1s importante a\u00fan, es que estos encuentros se enmarquen en el principio de justicia territorial. Sesionar en regiones es el acto de desconcentraci\u00f3n de poder m\u00e1s significativo de las \u00faltimas d\u00e9cadas\u201d, se\u00f1al\u00f3 el edil ancuditano.<\/p>\n<p>A\u00f1adiendo que \u201cel archipi\u00e9lago de Chilo\u00e9 es un territorio insular con cultura y tradiciones propias. No dejemos escapar la oportunidad de poner en el debate una vez m\u00e1s, que se considere nuestro territorio como una nueva regi\u00f3n para Chile. Este ha sido el anhelo de autoridades locales, alcaldes, concejales y parlamentarios de la zona desde hace a\u00f1os y hoy, con ayuda de ustedes, podr\u00edamos estar m\u00e1s cerca de conseguirlo\u201d.<\/p>\n<p>Adem\u00e1s, la m\u00e1xima autoridad comunal asever\u00f3 que Vivimos tiempos complejos y quienes hemos sido electos por votaci\u00f3n popular estamos convocados a cuidar la democracia. \u201cLa responsabilidad que pesa hoy sobre nuestros hombros es mayor y requiere de pr\u00e1cticas conciliadoras, propositivas, pero sobre todo exentas de pol\u00e9micas; porque ello repercute malamente sobre la imagen que la ciudadan\u00eda tiene de sus representantes. Quienes hacemos pol\u00edtica por vocaci\u00f3n, creemos y confiamos en que las transformaciones a trav\u00e9s de grandes y peque\u00f1as acciones, sumado a gestos de buena voluntad, propiciar\u00e1n el cambio que nuestro pa\u00eds demanda\u201d, finaliz\u00f3.<\/p>\n<p>&nbsp;<\/p>\n","protected":false},"excerpt":{"rendered":"<p>Durante la ma\u00f1ana de este viernes, en la sede de la Universidad de los Lagos en la ciudad de Ancud, se dio inicio a la sesi\u00f3n de la Comisi\u00f3n descentralizadora de la convenci\u00f3n constituyente, encargada de redactar la nueva carta magna para nuestro pa\u00eds. Siendo esta una fecha especial, por ser el aniversario n\u00famero 253 [&hellip;]<\/p>\n","protected":false},"author":7,"featured_media":29483,"comment_status":"closed","ping_status":"closed","sticky":false,"template":"","format":"standard","meta":{"footnotes":""},"categories":[4],"tags":[],"class_list":["post-29482","post","type-post","status-publish","format-standard","has-post-thumbnail","hentry","category-sala-de-prensa"],"_links":{"self":[{"href":"https:\/\/www.muniancud.cl\/portal\/wp-json\/wp\/v2\/posts\/29482","targetHints":{"allow":["GET"]}}],"collection":[{"href":"https:\/\/www.muniancud.cl\/portal\/wp-json\/wp\/v2\/posts"}],"about":[{"href":"https:\/\/www.muniancud.cl\/portal\/wp-json\/wp\/v2\/types\/post"}],"author":[{"embeddable":true,"href":"https:\/\/www.muniancud.cl\/portal\/wp-json\/wp\/v2\/users\/7"}],"replies":[{"embeddable":true,"href":"https:\/\/www.muniancud.cl\/portal\/wp-json\/wp\/v2\/comments?post=29482"}],"version-history":[{"count":2,"href":"https:\/\/www.muniancud.cl\/portal\/wp-json\/wp\/v2\/posts\/29482\/revisions"}],"predecessor-version":[{"id":29486,"href":"https:\/\/www.muniancud.cl\/portal\/wp-json\/wp\/v2\/posts\/29482\/revisions\/29486"}],"wp:featuredmedia":[{"embeddable":true,"href":"https:\/\/www.muniancud.cl\/portal\/wp-json\/wp\/v2\/media\/29483"}],"wp:attachment":[{"href":"https:\/\/www.muniancud.cl\/portal\/wp-json\/wp\/v2\/media?parent=29482"}],"wp:term":[{"taxonomy":"category","embeddable":true,"href":"https:\/\/www.muniancud.cl\/portal\/wp-json\/wp\/v2\/categories?post=29482"},{"taxonomy":"post_tag","embeddable":true,"href":"https:\/\/www.muniancud.cl\/portal\/wp-json\/wp\/v2\/tags?post=29482"}],"curies":[{"name":"wp","href":"https:\/\/api.w.org\/{rel}","templated":true}]}}