{"id":29495,"date":"2021-08-24T20:39:30","date_gmt":"2021-08-25T00:39:30","guid":{"rendered":"https:\/\/www.muniancud.cl\/portal\/?p=29495"},"modified":"2021-08-25T20:40:02","modified_gmt":"2021-08-26T00:40:02","slug":"corporacion-municipal-aclara-situacion-de-medicos-del-desam","status":"publish","type":"post","link":"https:\/\/www.muniancud.cl\/portal\/corporacion-municipal-aclara-situacion-de-medicos-del-desam\/","title":{"rendered":"Corporaci\u00f3n Municipal aclara situaci\u00f3n de m\u00e9dicos del Desam"},"content":{"rendered":"<p>La Corporaci\u00f3n Municipal de Educaci\u00f3n, Salud y Atenci\u00f3n al Menor y Departamento de Salud Municipal de Ancud,\u00a0 trav\u00e9s de un comunicado estableci\u00f3 cual es la situaci\u00f3n que aqueja al estamento m\u00e9dico de dicha entidad, tras diversas informaciones aparecidas en medios de comunicaci\u00f3n.<\/p>\n<p>En el documento, se indica que desde el inicio de la pandemia se han enfrentado a la falta de personal de distintos estamentos, un fen\u00f3meno nacional que tambi\u00e9n \u00a0llego\u0301 a nuestra isla y por consiguiente a nuestra comuna, producto del incremento en las actividades y acciones de este sector.<\/p>\n<p>As\u00ed mismo, el Director del Departamento de Salud Municipal (DESAM), se\u00f1al\u00f3 que \u201cla semana pasada vivimos una afectaci\u00f3n en el servicio, debido a la presentaci\u00f3n de 12 licencias medicas, del estamento m\u00e9dico de uno de nuestros CESFAM. Al d\u00eda de hoy, la mayor\u00eda de los m\u00e9dicos se han reincorporado y han retomado sus atenciones\u201d.<\/p>\n<p>En cuanto a la supuesta \u00abfuga masiva\u00bb de m\u00e9dicos de Ancud, la entidad municipal \u00a0se\u00f1al\u00f3 que carece de veracidad. En el \u00faltimo mes se ha presentado solo una renuncia formal de un m\u00e9dico en la Corporaci\u00f3n Municipal.<\/p>\n<p>En tanto, el Presidente de la Corporaci\u00f3n Municipal y Alcalde de la comuna de Ancud, Carlos G\u00f3mez Miranda, recalc\u00f3 las conversaciones con los profesionales de la salud. \u201cEst\u00e1n en negociaci\u00f3n desde la semana pasada y esperamos resolver esa negociaci\u00f3n de aqu\u00ed a mediados de semana. Lo m\u00e1s probable es que yo me re\u00fana con ellos, para poder zanjar cualquier inconveniente que pudiese haber.<\/p>\n<p>As\u00ed mismo, la autoridad comunal fue enf\u00e1tico en se\u00f1alar que la situaci\u00f3n econ\u00f3mica del \u00e1rea salud se encuentra en \u00f3ptimas condiciones. \u201cLo que si yo quiero ser categ\u00f3rico en dos cosas, \u00a0lo primero es que hoy d\u00eda el Departamento de Salud goza de buena salud. Goza de buena salud econ\u00f3mica, y eso hace que no le estemos debiendo los m\u00e9dicos ni sus sueldos, ni horas extraordinarias, ni extensiones horarias, ni cometidos de servicio; como se estaba debiendo hasta que yo asum\u00ed el a\u00f1o 2016. Segundo, medicamentos, insumos, equipamientos, est\u00e1n los recursos y si hay alg\u00fan problema de medicamentos o insumos,\u00a0 \u00a0se puede dar por lo que ha significado esta pandemia, en que los proveedores no est\u00e1n llegando a tiempo. Pero no es por falta de recursos econ\u00f3micos, o no porque no se est\u00e9 comprando\u201d.<\/p>\n<p>La salud Municipal, como instituci\u00f3n ha procurado tener insumos disponibles en nuestros centros e incorporar algunos complementarios. Adem\u00e1s de garantizar los medicamentos y medios para el \u00f3ptimo desempe\u00f1o de funciones de los profesionales, equipamiento y ampliaciones de las Estaciones M\u00e9dico Rurales y Postas de Salud, incluidos los establecimientos m\u00e1s grandes de nuestra comuna.<\/p>\n<p>Finalmente, Romo reconoce el esfuerzo de todos los \u00a0funcionarios y funcionarias en el cumplimiento de sus labores, \u201dsobre todo ahora en pandemia, que ha sido una muestra de fortaleza y compromiso, que reconocemos como corporaci\u00f3n y Departamento de Salud\u201d.<\/p>\n<p>La Corporaci\u00f3n espera que el proceso de conversaci\u00f3n sobre otras asignaciones monetarias que ya inici\u00f3 en el marco del respeto, conduzca a un fruct\u00edfero dialogo y colaboraci\u00f3n entre los involucrados. De esta manera tomar acuerdos de forma responsable, pero sobre todo, sostenibles en el tiempo y que refrenden su compromiso de mejorar la calidad de la atenci\u00f3n como lo ha hecho durante a\u00f1os y que continuar\u00e1n haciendo.<\/p>\n","protected":false},"excerpt":{"rendered":"<p>La Corporaci\u00f3n Municipal de Educaci\u00f3n, Salud y Atenci\u00f3n al Menor y Departamento de Salud Municipal de Ancud,\u00a0 trav\u00e9s de un comunicado estableci\u00f3 cual es la situaci\u00f3n que aqueja al estamento m\u00e9dico de dicha entidad, tras diversas informaciones aparecidas en medios de comunicaci\u00f3n. En el documento, se indica que desde el inicio de la pandemia se [&hellip;]<\/p>\n","protected":false},"author":7,"featured_media":29496,"comment_status":"closed","ping_status":"closed","sticky":false,"template":"","format":"standard","meta":{"footnotes":""},"categories":[24],"tags":[],"class_list":["post-29495","post","type-post","status-publish","format-standard","has-post-thumbnail","hentry","category-salud"],"_links":{"self":[{"href":"https:\/\/www.muniancud.cl\/portal\/wp-json\/wp\/v2\/posts\/29495","targetHints":{"allow":["GET"]}}],"collection":[{"href":"https:\/\/www.muniancud.cl\/portal\/wp-json\/wp\/v2\/posts"}],"about":[{"href":"https:\/\/www.muniancud.cl\/portal\/wp-json\/wp\/v2\/types\/post"}],"author":[{"embeddable":true,"href":"https:\/\/www.muniancud.cl\/portal\/wp-json\/wp\/v2\/users\/7"}],"replies":[{"embeddable":true,"href":"https:\/\/www.muniancud.cl\/portal\/wp-json\/wp\/v2\/comments?post=29495"}],"version-history":[{"count":1,"href":"https:\/\/www.muniancud.cl\/portal\/wp-json\/wp\/v2\/posts\/29495\/revisions"}],"predecessor-version":[{"id":29503,"href":"https:\/\/www.muniancud.cl\/portal\/wp-json\/wp\/v2\/posts\/29495\/revisions\/29503"}],"wp:featuredmedia":[{"embeddable":true,"href":"https:\/\/www.muniancud.cl\/portal\/wp-json\/wp\/v2\/media\/29496"}],"wp:attachment":[{"href":"https:\/\/www.muniancud.cl\/portal\/wp-json\/wp\/v2\/media?parent=29495"}],"wp:term":[{"taxonomy":"category","embeddable":true,"href":"https:\/\/www.muniancud.cl\/portal\/wp-json\/wp\/v2\/categories?post=29495"},{"taxonomy":"post_tag","embeddable":true,"href":"https:\/\/www.muniancud.cl\/portal\/wp-json\/wp\/v2\/tags?post=29495"}],"curies":[{"name":"wp","href":"https:\/\/api.w.org\/{rel}","templated":true}]}}