{"id":29499,"date":"2021-08-25T20:38:55","date_gmt":"2021-08-26T00:38:55","guid":{"rendered":"https:\/\/www.muniancud.cl\/portal\/?p=29499"},"modified":"2021-08-25T20:38:55","modified_gmt":"2021-08-26T00:38:55","slug":"corporacion-municipal-de-ancud-establece-convenios-con-daem-de-recoleta","status":"publish","type":"post","link":"https:\/\/www.muniancud.cl\/portal\/corporacion-municipal-de-ancud-establece-convenios-con-daem-de-recoleta\/","title":{"rendered":"Corporaci\u00f3n Municipal de Ancud establece convenios con Daem de Recoleta"},"content":{"rendered":"<p>Con la finalidad de establecer convenios de colaboraci\u00f3n en el \u00e1mbito educacional y administrativo, funcionarios del Departamento de Administraci\u00f3n de Educaci\u00f3n Municipal\u00a0de la Municipalidad de Recoleta se reunieron con representantes de gremios de la educaci\u00f3n y de colegios municipales de Ancud.<\/p>\n<p>Gracias a contactos realizados por el edil ancuditano y Presidente de la Corporaci\u00f3n Municipal de Educaci\u00f3n, Salud y Atenci\u00f3n al Menor de Ancud, Carlos G\u00f3mez Miranda, y su par de Recoleta, Daniel Jadue, se ha podido establecer este trabajo colaborativo que se inicia con esta visita de los personeros capitalinos.<\/p>\n<p>En el auditorio de Liceo Polivalente, explicaron la experiencia educativa implementada por ese municipio, y que pueden ser replicadas en nuestra comuna, para alcanzar mejoras tanto en lo administrativo como en lo educacional, con la finalidad de incrementar y hacer m\u00e1s atractiva y m\u00e1s social la oferta acad\u00e9mica de los establecimientos municipales, con lo que tambi\u00e9n aumentar\u00eda la cantidad de alumnos matriculados.<\/p>\n<p><img loading=\"lazy\" decoding=\"async\" class=\" wp-image-29500 alignright\" src=\"https:\/\/www.muniancud.cl\/portal\/wp-content\/uploads\/2021\/08\/240533576_1460668530984660_1576152932997220527_n-300x206.jpg\" alt=\"\" width=\"540\" height=\"371\" srcset=\"https:\/\/www.muniancud.cl\/portal\/wp-content\/uploads\/2021\/08\/240533576_1460668530984660_1576152932997220527_n-300x206.jpg 300w, https:\/\/www.muniancud.cl\/portal\/wp-content\/uploads\/2021\/08\/240533576_1460668530984660_1576152932997220527_n-1024x705.jpg 1024w, https:\/\/www.muniancud.cl\/portal\/wp-content\/uploads\/2021\/08\/240533576_1460668530984660_1576152932997220527_n-768x529.jpg 768w, https:\/\/www.muniancud.cl\/portal\/wp-content\/uploads\/2021\/08\/240533576_1460668530984660_1576152932997220527_n-100x70.jpg 100w, https:\/\/www.muniancud.cl\/portal\/wp-content\/uploads\/2021\/08\/240533576_1460668530984660_1576152932997220527_n-218x150.jpg 218w, https:\/\/www.muniancud.cl\/portal\/wp-content\/uploads\/2021\/08\/240533576_1460668530984660_1576152932997220527_n-696x479.jpg 696w, https:\/\/www.muniancud.cl\/portal\/wp-content\/uploads\/2021\/08\/240533576_1460668530984660_1576152932997220527_n-1068x735.jpg 1068w, https:\/\/www.muniancud.cl\/portal\/wp-content\/uploads\/2021\/08\/240533576_1460668530984660_1576152932997220527_n-610x420.jpg 610w, https:\/\/www.muniancud.cl\/portal\/wp-content\/uploads\/2021\/08\/240533576_1460668530984660_1576152932997220527_n.jpg 1280w\" sizes=\"auto, (max-width: 540px) 100vw, 540px\" \/>En ese sentido, el Alcalde de la comuna y Presidente de la Corporaci\u00f3n Municipal de Educaci\u00f3n, Salud y Atenci\u00f3n al Menor de Ancud, Carlos G\u00f3mez Miranda, destac\u00f3 \u00a0que este segundo per\u00edodo de su administraci\u00f3n se quiere trabajar fuerte y decididamente en solucionar gran parte de los problemas que hoy d\u00eda tiene el \u00e1rea de la educaci\u00f3n. \u201cSe requiere trabajarlos y solucionarlos en equipo, no solamente como corporaci\u00f3n municipalidad, sino con nuestro gremio de profesores y sindicato de profesores, de los asistentes de la educaci\u00f3n, de los jardines VTF, porque realmente queremos que esto se vaya solucionando en un mayor porcentaje al que sea logrado en el \u00faltimo tiempo\u201d.<\/p>\n<p>Para el edil ancuditano, el mayor generador de la compleja situaci\u00f3n que vive la educaci\u00f3n municipal a nivel pa\u00eds es la subvenci\u00f3n, que no es suficiente para sostener econ\u00f3micamente el sistema. \u201cAl no alcanzar, no puedes cumplir con todos los compromisos econ\u00f3micos que tiene el sistema. Y uno de esos compromisos econ\u00f3micos tiene que ver con una remuneraci\u00f3n del personal, de asistetes de la educaci\u00f3n y profesores. Es por eso que nosotros por meses hemos pagado solamente los l\u00edquidos y no hemos pagado las imposiciones. No porque estemos utilizando esos recursos en otros fines, sino porque si no es que porque no alcanza\u201d.<\/p>\n<p>Agregando que la fuga de alumnos en el sector pre-b\u00e1sico, b\u00e1sico y medio en un porcentaje importante tambi\u00e9n es parte del problema.<\/p>\n<p>Para el Arnoldo Macker, jefe de la Unidad de Aseguramiento de Calidad del Departamento de Educaci\u00f3n de Recoleta, esta es una oportunidad de buscar y converger con experiencias educativas en otros lugares, \u201cporque en el marco de la educaci\u00f3n p\u00fablica nosotros debemos aprender de las experiencias de comuna como Ancud; y aceptamos la invitaci\u00f3n del Alcalde Carlos G\u00f3mez, para poder participar de este encuentro, que nos permite generar un intercambio, un intercambio valioso para nosotros, y hemos venido a aprender\u201d.<\/p>\n<p>Destac\u00f3 el personero capitalino que \u201cahora, lo que vamos a hacer es construir un convenio inter municipalidades para poder hacer intercambio. Intercambio de experiencia, intercambio de los estudiantes de Ancud viajen a Santiago y se alojen en Recoleta y los estudiantes de Recoleta puedan venir a Ancud y conocer la realidad, que es una realidad com\u00fan en todo Chile. Diferente es el clima pero nada m\u00e1s\u201d.<\/p>\n<p>&nbsp;<\/p>\n<p>&nbsp;<\/p>\n","protected":false},"excerpt":{"rendered":"<p>Con la finalidad de establecer convenios de colaboraci\u00f3n en el \u00e1mbito educacional y administrativo, funcionarios del Departamento de Administraci\u00f3n de Educaci\u00f3n Municipal\u00a0de la Municipalidad de Recoleta se reunieron con representantes de gremios de la educaci\u00f3n y de colegios municipales de Ancud. Gracias a contactos realizados por el edil ancuditano y Presidente de la Corporaci\u00f3n Municipal [&hellip;]<\/p>\n","protected":false},"author":7,"featured_media":29501,"comment_status":"closed","ping_status":"closed","sticky":false,"template":"","format":"standard","meta":{"footnotes":""},"categories":[25,4],"tags":[],"class_list":["post-29499","post","type-post","status-publish","format-standard","has-post-thumbnail","hentry","category-educacion","category-sala-de-prensa"],"_links":{"self":[{"href":"https:\/\/www.muniancud.cl\/portal\/wp-json\/wp\/v2\/posts\/29499","targetHints":{"allow":["GET"]}}],"collection":[{"href":"https:\/\/www.muniancud.cl\/portal\/wp-json\/wp\/v2\/posts"}],"about":[{"href":"https:\/\/www.muniancud.cl\/portal\/wp-json\/wp\/v2\/types\/post"}],"author":[{"embeddable":true,"href":"https:\/\/www.muniancud.cl\/portal\/wp-json\/wp\/v2\/users\/7"}],"replies":[{"embeddable":true,"href":"https:\/\/www.muniancud.cl\/portal\/wp-json\/wp\/v2\/comments?post=29499"}],"version-history":[{"count":1,"href":"https:\/\/www.muniancud.cl\/portal\/wp-json\/wp\/v2\/posts\/29499\/revisions"}],"predecessor-version":[{"id":29502,"href":"https:\/\/www.muniancud.cl\/portal\/wp-json\/wp\/v2\/posts\/29499\/revisions\/29502"}],"wp:featuredmedia":[{"embeddable":true,"href":"https:\/\/www.muniancud.cl\/portal\/wp-json\/wp\/v2\/media\/29501"}],"wp:attachment":[{"href":"https:\/\/www.muniancud.cl\/portal\/wp-json\/wp\/v2\/media?parent=29499"}],"wp:term":[{"taxonomy":"category","embeddable":true,"href":"https:\/\/www.muniancud.cl\/portal\/wp-json\/wp\/v2\/categories?post=29499"},{"taxonomy":"post_tag","embeddable":true,"href":"https:\/\/www.muniancud.cl\/portal\/wp-json\/wp\/v2\/tags?post=29499"}],"curies":[{"name":"wp","href":"https:\/\/api.w.org\/{rel}","templated":true}]}}