{"id":29515,"date":"2021-08-30T16:42:38","date_gmt":"2021-08-30T20:42:38","guid":{"rendered":"https:\/\/www.muniancud.cl\/portal\/?p=29515"},"modified":"2021-08-30T16:42:38","modified_gmt":"2021-08-30T20:42:38","slug":"oficina-del-agua-de-llama-a-cuidar-el-vital-elemento-y-anticiparse-a-escases-en-verano","status":"publish","type":"post","link":"https:\/\/www.muniancud.cl\/portal\/oficina-del-agua-de-llama-a-cuidar-el-vital-elemento-y-anticiparse-a-escases-en-verano\/","title":{"rendered":"Oficina del agua de llama a cuidar el vital elemento y anticiparse a escases en verano"},"content":{"rendered":"<p>El Departamento de Agua de la Municipalidad de Ancud, consientes de la escasez del recurso h\u00eddrico que vive la provincia, se encuentra trabajando en una socializaci\u00f3n del problema e incentivando a las vecinas y vecinos, principalmente de las zonas rurales de la comuna, a la recolecci\u00f3n \u00a0de aguas lluvias. Previendo que, si en invierno a\u00fan nos encontramos bajo un decreto de emergencia h\u00eddrica que posibilita la entrega de agua potable a diversos sectores, en verano la situaci\u00f3n de d\u00e9ficit puede ser m\u00e1s grave.<\/p>\n<p>Desde el municipio, se est\u00e1 realizando este trabajo informativo porque las familias que se encuentran inscritas -alrededor de 600-, comiencen a prepararse. \u201cYa hemos estado leyendo los informes mundiales de lo que es el cambio clim\u00e1tico. Que ya est\u00e1 decretado en cuatro regiones emergencia agr\u00edcola, lo cual tambi\u00e9n nos puede pasar a nosotros como provincia. Por lo tanto, sabemos lo que es posible que pase durante esta temporada estival\u201d, inform\u00f3 Soraya Fl\u00e1ndez, encargada de dicha repartici\u00f3n municipal.<\/p>\n<p>Frente a esta situaci\u00f3n, la personera estableci\u00f3 la intenci\u00f3n es poder orientar a la comunidad en c\u00f3mo llevar a cabo una planificaci\u00f3n y un trabajo de recolecci\u00f3n de aguas lluvias que sea eficiente, \u201cla recolecci\u00f3n de aguas lluvias ya tiene que ser una pr\u00e1ctica obligatoria dentro de las personas que vivimos en la isla, por que hoy d\u00eda las lluvias est\u00e1n m\u00e1s concentradas; llueve, pero se concentran en una semana, por lo tanto, esa semana lo que hay que hacer es juntar agua y de alguna forma distribuirla\u201d.<\/p>\n<p>As\u00ed mismo, hizo el llamado a prepararse, previendo, buscando, viendo si tengo agua en el terreno donde se habita, y si la hay conocer \u00a0la calidad de esa agua. \u201cSi voy a llegar a vivir o comenzar a vivir en el sector rural ver si realmente tengo acceso a esa agua. Si existe la posibilidad de tener agua en mi territorio y no tener un pozo como corresponde, extraer agua de ese pozo, ojal\u00e1 idealmente de agua de calidad. Hay formas tambi\u00e9n de tratar el agua\u201d, Se\u00f1al\u00f3 Fl\u00e1ndez.<\/p>\n<p>Es importante clarificar que el municipio de Ancud est\u00e1 trabajando con 600 familias a las que se les reparte agua potable peri\u00f3dicamente y la demanda sigue aumentando. \u201cLas personas que est\u00e1n llegando nuevas, se est\u00e1n haciendo la solicitud de los documentos que corresponden a los requisitos que estar dentro del 40, 50, 60% m\u00e1s vulnerable. Se le aplica un informe social iban a quedar en una lista de espera. Nosotros no podemos asegurar a nuevas personas la entrega del agua, eso tambi\u00e9n queremos calificarlo. Tambi\u00e9n tener ojo con los terrenos que se vayan adquiriendo en esta provincia. Porque cuando uno quiere un terreno tambi\u00e9n tiene que tener claro si hay o no hay agua. Si hay acceso, si se puede profundizar un pozo, si hay una vertiente, etc. Porque lamentablemente por m\u00e1s que nosotros quisi\u00e9ramos como municipio no podemos llegar a todas las personas que tienen problemas de agua ac\u00e1 en la comuna de Ancud\u201d, aclar\u00f3 la encargada.<\/p>\n<p>El objetivo a corto plazo de esta oficina municipal es la de reunirse con las comunidades, tanto como las APR (Agua Potable Rural), a los cuales se les \u00a0entrega agua, \u00a0para hacer llegar esta informaci\u00f3n de manera casi personalizada y est\u00e9n preparados para lo que se viene en el verano.<\/p>\n","protected":false},"excerpt":{"rendered":"<p>El Departamento de Agua de la Municipalidad de Ancud, consientes de la escasez del recurso h\u00eddrico que vive la provincia, se encuentra trabajando en una socializaci\u00f3n del problema e incentivando a las vecinas y vecinos, principalmente de las zonas rurales de la comuna, a la recolecci\u00f3n \u00a0de aguas lluvias. Previendo que, si en invierno a\u00fan [&hellip;]<\/p>\n","protected":false},"author":7,"featured_media":29516,"comment_status":"closed","ping_status":"closed","sticky":false,"template":"","format":"standard","meta":{"footnotes":""},"categories":[32,4],"tags":[],"class_list":["post-29515","post","type-post","status-publish","format-standard","has-post-thumbnail","hentry","category-medio-ambiente-aseo-y-ornato","category-sala-de-prensa"],"_links":{"self":[{"href":"https:\/\/www.muniancud.cl\/portal\/wp-json\/wp\/v2\/posts\/29515","targetHints":{"allow":["GET"]}}],"collection":[{"href":"https:\/\/www.muniancud.cl\/portal\/wp-json\/wp\/v2\/posts"}],"about":[{"href":"https:\/\/www.muniancud.cl\/portal\/wp-json\/wp\/v2\/types\/post"}],"author":[{"embeddable":true,"href":"https:\/\/www.muniancud.cl\/portal\/wp-json\/wp\/v2\/users\/7"}],"replies":[{"embeddable":true,"href":"https:\/\/www.muniancud.cl\/portal\/wp-json\/wp\/v2\/comments?post=29515"}],"version-history":[{"count":1,"href":"https:\/\/www.muniancud.cl\/portal\/wp-json\/wp\/v2\/posts\/29515\/revisions"}],"predecessor-version":[{"id":29517,"href":"https:\/\/www.muniancud.cl\/portal\/wp-json\/wp\/v2\/posts\/29515\/revisions\/29517"}],"wp:featuredmedia":[{"embeddable":true,"href":"https:\/\/www.muniancud.cl\/portal\/wp-json\/wp\/v2\/media\/29516"}],"wp:attachment":[{"href":"https:\/\/www.muniancud.cl\/portal\/wp-json\/wp\/v2\/media?parent=29515"}],"wp:term":[{"taxonomy":"category","embeddable":true,"href":"https:\/\/www.muniancud.cl\/portal\/wp-json\/wp\/v2\/categories?post=29515"},{"taxonomy":"post_tag","embeddable":true,"href":"https:\/\/www.muniancud.cl\/portal\/wp-json\/wp\/v2\/tags?post=29515"}],"curies":[{"name":"wp","href":"https:\/\/api.w.org\/{rel}","templated":true}]}}