{"id":29521,"date":"2021-08-30T23:22:24","date_gmt":"2021-08-31T03:22:24","guid":{"rendered":"https:\/\/www.muniancud.cl\/portal\/?p=29521"},"modified":"2021-09-10T19:20:28","modified_gmt":"2021-09-10T22:20:28","slug":"concurso-publico-2-cargos-programa-social-personas-en-situacion-de-calle","status":"publish","type":"post","link":"https:\/\/www.muniancud.cl\/portal\/concurso-publico-2-cargos-programa-social-personas-en-situacion-de-calle\/","title":{"rendered":"Resultado &#8211; Concurso P\u00fablico &#8211; 2 Cargos Programa social \u201cPersonas en Situaci\u00f3n de Calle\u201d"},"content":{"rendered":"<div class=\"wpb-content-wrapper\"><p>[vc_row][vc_column][vc_message message_box_style=\u00bbsolid\u00bb message_box_color=\u00bbjuicy_pink\u00bb]Estado del Concurso: Finalizado[\/vc_message][vc_column_text]La Municipalidad de Ancud, convoca a Concurso P\u00fablico para la contrataci\u00f3n de dos profesionales a Honorarios para desempe\u00f1arse en el Programa social \u201cPersonas en Situaci\u00f3n de Calle\u201d, en el marco de convenio con el Ministerio de Desarrollo Social y Familia.<\/p>\n<p><strong>Cargo Coordinador(a)<\/strong><\/p>\n<ul>\n<li><strong>Perfil:<\/strong> Profesional del \u00e1rea social, con o sin experiencia laboral, preferentemente de la comuna de Ancud, con capacidad para liderar equipos de trabajo o intervenci\u00f3n con poblaci\u00f3n en situaci\u00f3n de calle y\/o en vulnerabilidad social.<\/li>\n<li><strong>Contrato:<\/strong> Honorarios<\/li>\n<li><strong>Jornada:<\/strong> 22 horas semanales<\/li>\n<li><strong>Renta bruta mensual:<\/strong> $ 600.000 brutos.<\/li>\n<\/ul>\n<p><strong>Cargo: Gestor Psicosocial<\/strong><\/p>\n<ul>\n<li><strong>Perfil:<\/strong> Profesional o T\u00e9cnico del \u00e1rea social, con o sin experiencia laboral, preferentemente de la comuna de Ancud, con capacidad para realizar intervenci\u00f3n psicosocial y\/o comunitaria con poblaci\u00f3n en situaci\u00f3n de calle y\/o en vulnerabilidad social.<\/li>\n<li><strong>Contrato:<\/strong> Honorarios<\/li>\n<li><strong>Jornada:<\/strong> 22 horas semanales<\/li>\n<li><strong>Renta bruta mensual:<\/strong> $ 450.000 brutos.<\/li>\n<\/ul>\n<p><strong>RECEPCI\u00d3N DE ANTECEDENTES<\/strong><\/p>\n<p>Desde el d\u00eda 30 de agosto de 2021 al 03 de septiembre de igual a\u00f1o, a trav\u00e9s del correo electr\u00f3nico oficinadepartes@muniancud.cl en d\u00edas h\u00e1biles, de lunes a jueves desde las 08:30 a 17:00 horas y viernes de 08:30 a 16:00 horas.[\/vc_column_text][vc_tta_accordion style=\u00bbflat\u00bb c_icon=\u00bbchevron\u00bb active_section=\u00bb3&#8243;][vc_tta_section title=\u00bbLlamado a Concurso P\u00fablico\u00bb tab_id=\u00bb1569501348920-7ae695ac-932a\u00bb][vc_btn title=\u00bbBases del Concurso P\u00fablico\u00bb style=\u00bbflat\u00bb color=\u00bbprimary\u00bb align=\u00bbleft\u00bb i_icon_fontawesome=\u00bbfa fa-cloud-download\u00bb button_block=\u00bbtrue\u00bb add_icon=\u00bbtrue\u00bb link=\u00bburl:https%3A%2F%2Fwww.muniancud.cl%2Fportal%2Fwp-content%2Fuploads%2F2021%2F08%2FCONVOCATORIA-CONCURSO-PROGRAMA-SITUACION-DE-CALLE-2021.pdf|title:Bases%20Concurso%20Publico|target:%20_blank|\u00bb][\/vc_tta_section][vc_tta_section title=\u00bbEtapa Entrevistas\u00bb tab_id=\u00bb1630970098827-6441844d-255a\u00bb][vc_btn title=\u00bbComunicado Entrevistas\u00bb style=\u00bbflat\u00bb color=\u00bbprimary\u00bb align=\u00bbleft\u00bb i_icon_fontawesome=\u00bbfa fa-cloud-download\u00bb button_block=\u00bbtrue\u00bb add_icon=\u00bbtrue\u00bb link=\u00bburl:https%3A%2F%2Fwww.muniancud.cl%2Fportal%2Fwp-content%2Fuploads%2F2021%2F09%2F0768_210906162404_001.pdf||target:%20_blank|\u00bb][vc_column_text]Proceso de <strong>\u201cEntrevistas\u201d,<\/strong> concurso p\u00fablico para la provisi\u00f3n de dos cargos a honorarios para desempe\u00f1arse en el \u201cPrograma Personas en situaci\u00f3n de Calle\u201d, seg\u00fan convocatoria realizada mediante decreto N\u00b0 284 de fecha 30 de agosto de 2021.<\/p>\n<p><strong>FECHA: martes 07 de septiembre de 2021:<\/strong><\/p>\n<ol>\n<li>JOSE AMPUERO ALVARADO<\/li>\n<li>PAOLA ALARCON LAUBSCHER<\/li>\n<li>JAVIERA CAMPOS SOUSSI<\/li>\n<li>VIVIANA CARCAMO VARGAS<\/li>\n<li>PABLO GONZALEZ MOREIRA<\/li>\n<li>ELISA GUAIQUE CARDENAS<\/li>\n<li>YASNA LABRA PERALTA<\/li>\n<li>MARIANELA MILLAO BARRIA<\/li>\n<li>VIVIANA PONCE FIGUEROA<\/li>\n<li>CAMILO SOLAR BECAR<\/li>\n<li>CAROLINA REYES VALLE<\/li>\n<li>ESTRELLA BRAVO ROA<\/li>\n<li>DIEGO P\u00c9REZ MU\u00d1OZ<\/li>\n<li>ANDREA VILLARROEL BARRIA<\/li>\n<li>MOIS\u00c9S ROJAS CORNEJO<\/li>\n<li>CAMILA ALVAREZ GALLARDO<\/li>\n<li>JOSUE CORNEJO GONZALEZ<\/li>\n<\/ol>\n<p>[\/vc_column_text][\/vc_tta_section][vc_tta_section title=\u00bbResultado\u00bb tab_id=\u00bb1631312267405-9c1106a6-e483&#8243;][vc_btn title=\u00bbComunicado de Resultado\u00bb style=\u00bbflat\u00bb color=\u00bbprimary\u00bb align=\u00bbleft\u00bb i_icon_fontawesome=\u00bbfa fa-cloud-download\u00bb button_block=\u00bbtrue\u00bb add_icon=\u00bbtrue\u00bb link=\u00bburl:https%3A%2F%2Fwww.muniancud.cl%2Fportal%2Fwp-content%2Fuploads%2F2021%2F09%2FCOMUNICADO-CIERRE-PROCESO-CONCURSO-PERSONAS-EN-SITUACION-DE-CALLE-2021.pdf||target:%20_blank|\u00bb][\/vc_tta_section][\/vc_tta_accordion][\/vc_column][\/vc_row]<\/p>\n<\/div>","protected":false},"excerpt":{"rendered":"<p>[vc_row][vc_column][vc_message message_box_style=\u00bbsolid\u00bb message_box_color=\u00bbjuicy_pink\u00bb]Estado del Concurso: Finalizado[\/vc_message][vc_column_text]La Municipalidad de Ancud, convoca a Concurso P\u00fablico para la contrataci\u00f3n de dos profesionales a Honorarios para desempe\u00f1arse en el Programa social \u201cPersonas en Situaci\u00f3n de Calle\u201d, en el marco de convenio con el Ministerio de Desarrollo Social y Familia. Cargo Coordinador(a) Perfil: Profesional del \u00e1rea social, con o sin [&hellip;]<\/p>\n","protected":false},"author":1,"featured_media":23109,"comment_status":"closed","ping_status":"closed","sticky":false,"template":"","format":"standard","meta":{"footnotes":""},"categories":[16],"tags":[],"class_list":["post-29521","post","type-post","status-publish","format-standard","has-post-thumbnail","hentry","category-concursos-publicos"],"_links":{"self":[{"href":"https:\/\/www.muniancud.cl\/portal\/wp-json\/wp\/v2\/posts\/29521","targetHints":{"allow":["GET"]}}],"collection":[{"href":"https:\/\/www.muniancud.cl\/portal\/wp-json\/wp\/v2\/posts"}],"about":[{"href":"https:\/\/www.muniancud.cl\/portal\/wp-json\/wp\/v2\/types\/post"}],"author":[{"embeddable":true,"href":"https:\/\/www.muniancud.cl\/portal\/wp-json\/wp\/v2\/users\/1"}],"replies":[{"embeddable":true,"href":"https:\/\/www.muniancud.cl\/portal\/wp-json\/wp\/v2\/comments?post=29521"}],"version-history":[{"count":8,"href":"https:\/\/www.muniancud.cl\/portal\/wp-json\/wp\/v2\/posts\/29521\/revisions"}],"predecessor-version":[{"id":29572,"href":"https:\/\/www.muniancud.cl\/portal\/wp-json\/wp\/v2\/posts\/29521\/revisions\/29572"}],"wp:featuredmedia":[{"embeddable":true,"href":"https:\/\/www.muniancud.cl\/portal\/wp-json\/wp\/v2\/media\/23109"}],"wp:attachment":[{"href":"https:\/\/www.muniancud.cl\/portal\/wp-json\/wp\/v2\/media?parent=29521"}],"wp:term":[{"taxonomy":"category","embeddable":true,"href":"https:\/\/www.muniancud.cl\/portal\/wp-json\/wp\/v2\/categories?post=29521"},{"taxonomy":"post_tag","embeddable":true,"href":"https:\/\/www.muniancud.cl\/portal\/wp-json\/wp\/v2\/tags?post=29521"}],"curies":[{"name":"wp","href":"https:\/\/api.w.org\/{rel}","templated":true}]}}