{"id":30951,"date":"2022-08-18T17:59:07","date_gmt":"2022-08-18T21:59:07","guid":{"rendered":"https:\/\/www.muniancud.cl\/portal\/?p=30951"},"modified":"2022-08-18T17:59:07","modified_gmt":"2022-08-18T21:59:07","slug":"escuela-pudeto-de-ancud-inicia-celebraciones-por-los-254-anos-de-ancud","status":"publish","type":"post","link":"https:\/\/www.muniancud.cl\/portal\/escuela-pudeto-de-ancud-inicia-celebraciones-por-los-254-anos-de-ancud\/","title":{"rendered":"Escuela Pudeto de Ancud inicia celebraciones por los 254 a\u00f1os de Ancud"},"content":{"rendered":"<p>&nbsp;<\/p>\n<p>En dependencias de la emblem\u00e1tica Escuela Pudeto de Ancud, se dio inicio a las celebraciones oficiales del aniversario de la comuna del Pudeto. Son 254 a\u00f1os que se conmemoran con una actividad organizada por la Corporaci\u00f3n de Educaci\u00f3n, Salud y Atenci\u00f3n al Menor, en conjunto con la Corporaci\u00f3n Cultural Municipal y en la que participan alumnos de las escuelas municipales, entregando diversos puntos art\u00edsticos en celebraci\u00f3n de esta importante fecha.<\/p>\n<p><img loading=\"lazy\" decoding=\"async\" class=\" wp-image-30955 alignright\" src=\"https:\/\/www.muniancud.cl\/portal\/wp-content\/uploads\/2022\/08\/8334fabe-0209-41ba-949b-02dd1cb2a76c-300x200.jpg\" alt=\"\" width=\"371\" height=\"247\" srcset=\"https:\/\/www.muniancud.cl\/portal\/wp-content\/uploads\/2022\/08\/8334fabe-0209-41ba-949b-02dd1cb2a76c-300x200.jpg 300w, https:\/\/www.muniancud.cl\/portal\/wp-content\/uploads\/2022\/08\/8334fabe-0209-41ba-949b-02dd1cb2a76c-1024x683.jpg 1024w, https:\/\/www.muniancud.cl\/portal\/wp-content\/uploads\/2022\/08\/8334fabe-0209-41ba-949b-02dd1cb2a76c-768x512.jpg 768w, https:\/\/www.muniancud.cl\/portal\/wp-content\/uploads\/2022\/08\/8334fabe-0209-41ba-949b-02dd1cb2a76c-696x464.jpg 696w, https:\/\/www.muniancud.cl\/portal\/wp-content\/uploads\/2022\/08\/8334fabe-0209-41ba-949b-02dd1cb2a76c-630x420.jpg 630w, https:\/\/www.muniancud.cl\/portal\/wp-content\/uploads\/2022\/08\/8334fabe-0209-41ba-949b-02dd1cb2a76c.jpg 1066w\" sizes=\"auto, (max-width: 371px) 100vw, 371px\" \/>El Alcalde de Ancud, Carlos G\u00f3mez Miranda, felicit\u00f3 y y agradeci\u00f3 esta actividad en el que los establecimientos urbanas y rurales se dieron este espacio para llevar adelante un acto muy solemne con el fin de estar presente en este nuevo aniversario de la comuna de Ancud, sumando que la celebraci\u00f3n central se dar\u00e1 el d\u00eda 20 de este mes.<\/p>\n<p>\u201cSon 254 a\u00f1os de vida que cumplimos y celebraremos como corresponde el d\u00eda s\u00e1bado 20 de agosto. Y nuestros establecimientos no pueden estar ausentes de este acontecimiento. Es por eso que se han reunido y programado llevar adelante este acto para iniciar ya de forma m\u00e1s oficial lo que son estas celebraciones que hemos estado llevando delante durante lo que llevamos de mes y todo lo que resta del mes de agosto para celebrar como corresponde este aniversario\u201d, se\u00f1al\u00f3 el edil.<\/p>\n<p><img loading=\"lazy\" decoding=\"async\" class=\" wp-image-30954 alignleft\" src=\"https:\/\/www.muniancud.cl\/portal\/wp-content\/uploads\/2022\/08\/d564f762-4352-40d1-813e-62931b7549e8-300x200.jpg\" alt=\"\" width=\"332\" height=\"221\" srcset=\"https:\/\/www.muniancud.cl\/portal\/wp-content\/uploads\/2022\/08\/d564f762-4352-40d1-813e-62931b7549e8-300x200.jpg 300w, https:\/\/www.muniancud.cl\/portal\/wp-content\/uploads\/2022\/08\/d564f762-4352-40d1-813e-62931b7549e8-1024x683.jpg 1024w, https:\/\/www.muniancud.cl\/portal\/wp-content\/uploads\/2022\/08\/d564f762-4352-40d1-813e-62931b7549e8-768x512.jpg 768w, https:\/\/www.muniancud.cl\/portal\/wp-content\/uploads\/2022\/08\/d564f762-4352-40d1-813e-62931b7549e8-696x464.jpg 696w, https:\/\/www.muniancud.cl\/portal\/wp-content\/uploads\/2022\/08\/d564f762-4352-40d1-813e-62931b7549e8-630x420.jpg 630w, https:\/\/www.muniancud.cl\/portal\/wp-content\/uploads\/2022\/08\/d564f762-4352-40d1-813e-62931b7549e8.jpg 1066w\" sizes=\"auto, (max-width: 332px) 100vw, 332px\" \/>Destac\u00f3 que sean los alumnos de escuelas municipales junto a sus docentes, equipos directivos, asistente de la educaci\u00f3n y familias , que se dan cita \u201cpara festejar y para darle a conocer a la comunidad en general nuestro aniversario. Fecha importante y relevante en lo comunal\u201d, finaliz\u00f3.<\/p>\n<p>En la oportunidad el Departamento Extraescolar de la Corporaci\u00f3n de Educaci\u00f3n, premi\u00f3 a los participantes del concurso de dibujo \u201cAncud del futuro\u201d, en el que los estudiantes imaginaban y pintaban el Ancud futurista.<\/p>\n<p><img loading=\"lazy\" decoding=\"async\" class=\" wp-image-30953 alignright\" src=\"https:\/\/www.muniancud.cl\/portal\/wp-content\/uploads\/2022\/08\/5e5adc36-7932-41be-871b-05b8c615cd13-300x200.jpg\" alt=\"\" width=\"323\" height=\"215\" srcset=\"https:\/\/www.muniancud.cl\/portal\/wp-content\/uploads\/2022\/08\/5e5adc36-7932-41be-871b-05b8c615cd13-300x200.jpg 300w, https:\/\/www.muniancud.cl\/portal\/wp-content\/uploads\/2022\/08\/5e5adc36-7932-41be-871b-05b8c615cd13-1024x683.jpg 1024w, https:\/\/www.muniancud.cl\/portal\/wp-content\/uploads\/2022\/08\/5e5adc36-7932-41be-871b-05b8c615cd13-768x512.jpg 768w, https:\/\/www.muniancud.cl\/portal\/wp-content\/uploads\/2022\/08\/5e5adc36-7932-41be-871b-05b8c615cd13-696x464.jpg 696w, https:\/\/www.muniancud.cl\/portal\/wp-content\/uploads\/2022\/08\/5e5adc36-7932-41be-871b-05b8c615cd13-630x420.jpg 630w, https:\/\/www.muniancud.cl\/portal\/wp-content\/uploads\/2022\/08\/5e5adc36-7932-41be-871b-05b8c615cd13.jpg 1066w\" sizes=\"auto, (max-width: 323px) 100vw, 323px\" \/>El primer lugar del ciclo ense\u00f1anza b\u00e1sica fue para Sof\u00eda Caster Guzm\u00e1n, del Escuela San Miguel de Co\u00f1im\u00f3. \u00a0El primer puesto del segundo ciclo de ense\u00f1anza b\u00e1sica, fue para Mat\u00edas Nicol\u00e1s Arroyo Ulloa, de la Escuela Yerbas Buenas. En categor\u00eda educaci\u00f3n especial el primer lugar fue para Ximena Francisca Runaiahue Estay, de las Escuela Diferencial San Carlos y en la categor\u00eda ense\u00f1anza media, el primer lugar fue para Mar\u00eda Ilabaca del BS School, modalidad on line.<\/p>\n<p><img loading=\"lazy\" decoding=\"async\" class=\" wp-image-30952 aligncenter\" src=\"https:\/\/www.muniancud.cl\/portal\/wp-content\/uploads\/2022\/08\/9227b4be-a438-4375-a1c7-c74d1cbc1c65-300x200.jpg\" alt=\"\" width=\"341\" height=\"227\" srcset=\"https:\/\/www.muniancud.cl\/portal\/wp-content\/uploads\/2022\/08\/9227b4be-a438-4375-a1c7-c74d1cbc1c65-300x200.jpg 300w, https:\/\/www.muniancud.cl\/portal\/wp-content\/uploads\/2022\/08\/9227b4be-a438-4375-a1c7-c74d1cbc1c65-1024x682.jpg 1024w, https:\/\/www.muniancud.cl\/portal\/wp-content\/uploads\/2022\/08\/9227b4be-a438-4375-a1c7-c74d1cbc1c65-768x511.jpg 768w, https:\/\/www.muniancud.cl\/portal\/wp-content\/uploads\/2022\/08\/9227b4be-a438-4375-a1c7-c74d1cbc1c65-696x463.jpg 696w, https:\/\/www.muniancud.cl\/portal\/wp-content\/uploads\/2022\/08\/9227b4be-a438-4375-a1c7-c74d1cbc1c65-1068x711.jpg 1068w, https:\/\/www.muniancud.cl\/portal\/wp-content\/uploads\/2022\/08\/9227b4be-a438-4375-a1c7-c74d1cbc1c65-631x420.jpg 631w, https:\/\/www.muniancud.cl\/portal\/wp-content\/uploads\/2022\/08\/9227b4be-a438-4375-a1c7-c74d1cbc1c65.jpg 1280w\" sizes=\"auto, (max-width: 341px) 100vw, 341px\" \/><\/p>\n","protected":false},"excerpt":{"rendered":"<p>&nbsp; En dependencias de la emblem\u00e1tica Escuela Pudeto de Ancud, se dio inicio a las celebraciones oficiales del aniversario de la comuna del Pudeto. Son 254 a\u00f1os que se conmemoran con una actividad organizada por la Corporaci\u00f3n de Educaci\u00f3n, Salud y Atenci\u00f3n al Menor, en conjunto con la Corporaci\u00f3n Cultural Municipal y en la que [&hellip;]<\/p>\n","protected":false},"author":7,"featured_media":30956,"comment_status":"closed","ping_status":"closed","sticky":false,"template":"","format":"standard","meta":{"footnotes":""},"categories":[26,25,4],"tags":[],"class_list":["post-30951","post","type-post","status-publish","format-standard","has-post-thumbnail","hentry","category-cultura","category-educacion","category-sala-de-prensa"],"_links":{"self":[{"href":"https:\/\/www.muniancud.cl\/portal\/wp-json\/wp\/v2\/posts\/30951","targetHints":{"allow":["GET"]}}],"collection":[{"href":"https:\/\/www.muniancud.cl\/portal\/wp-json\/wp\/v2\/posts"}],"about":[{"href":"https:\/\/www.muniancud.cl\/portal\/wp-json\/wp\/v2\/types\/post"}],"author":[{"embeddable":true,"href":"https:\/\/www.muniancud.cl\/portal\/wp-json\/wp\/v2\/users\/7"}],"replies":[{"embeddable":true,"href":"https:\/\/www.muniancud.cl\/portal\/wp-json\/wp\/v2\/comments?post=30951"}],"version-history":[{"count":1,"href":"https:\/\/www.muniancud.cl\/portal\/wp-json\/wp\/v2\/posts\/30951\/revisions"}],"predecessor-version":[{"id":30957,"href":"https:\/\/www.muniancud.cl\/portal\/wp-json\/wp\/v2\/posts\/30951\/revisions\/30957"}],"wp:featuredmedia":[{"embeddable":true,"href":"https:\/\/www.muniancud.cl\/portal\/wp-json\/wp\/v2\/media\/30956"}],"wp:attachment":[{"href":"https:\/\/www.muniancud.cl\/portal\/wp-json\/wp\/v2\/media?parent=30951"}],"wp:term":[{"taxonomy":"category","embeddable":true,"href":"https:\/\/www.muniancud.cl\/portal\/wp-json\/wp\/v2\/categories?post=30951"},{"taxonomy":"post_tag","embeddable":true,"href":"https:\/\/www.muniancud.cl\/portal\/wp-json\/wp\/v2\/tags?post=30951"}],"curies":[{"name":"wp","href":"https:\/\/api.w.org\/{rel}","templated":true}]}}