{"id":30966,"date":"2022-08-19T15:57:21","date_gmt":"2022-08-19T19:57:21","guid":{"rendered":"https:\/\/www.muniancud.cl\/portal\/?p=30966"},"modified":"2022-08-19T15:57:21","modified_gmt":"2022-08-19T19:57:21","slug":"primera-version-de-la-expo-agua-se-realizo-con-gran-convocatoria","status":"publish","type":"post","link":"https:\/\/www.muniancud.cl\/portal\/primera-version-de-la-expo-agua-se-realizo-con-gran-convocatoria\/","title":{"rendered":"Primera versi\u00f3n de la Expo Agua se realiz\u00f3 con gran convocatoria"},"content":{"rendered":"<p>&nbsp;<\/p>\n<p>Actividad organizada por el municipio ancuditano congreg\u00f3 a instituciones privadas y p\u00fablicas en el an\u00e1lisis de la situaci\u00f3n h\u00eddrica de la provincia<\/p>\n<p>La primera Expo Agua y Sostenibilidad organizada por la Direcci\u00f3n de Turismo y Fomento Productivo de la Ilustre Municipalidad de Ancud, se desarroll\u00f3 en el Marco de las actividades conmemorativas por los 254 a\u00f1os de la fundaci\u00f3n de esta ciudad, reconociendo que es un desaf\u00edo a nivel global, el d\u00e9ficit h\u00eddrico no es un tema nuevo en la comuna Ancud, ya que fue la primera comuna a nivel provincial en crear una Oficina Municipal del Agua, para atender una necesidad que resulta ser cada vez m\u00e1s latente para la comunidad.<\/p>\n<p>Con ese \u00a0compromiso de concientizar, promover y conocer de las nuevas alternativas para al cuidado y uso racional del vital elemento, la Municipalidad de Ancud realiz\u00f3 la primera Expo Agua y Sustentabilidad, desarrollada en dependencias del Gimnasio Fiscal, abierta a todo p\u00fablico, contando con una amplia participaci\u00f3n de empresas y estudiantes interesados en la tem\u00e1tica.<\/p>\n<p>El coordinador del programa Paisajes de Conservaci\u00f3n del municipio y participante del comit\u00e9 organizador del evento, Juan Corrales, se\u00f1al\u00f3 que la problem\u00e1tica de la escasez h\u00eddrica y la gesti\u00f3n de este recurso es algo muy sentido en nuestra \u00a0comuna desde hace varios a\u00f1os. \u201cNosotros somos una comuna que contamos con un Departamento del Agua, que est\u00e1 cargo de repartir agua potable en camiones aljibes a m\u00e1s de 600 familias, en distintas comunidades. Adem\u00e1s de eso, tanto el departamento, como tambi\u00e9n la direcci\u00f3n y el municipio tienen distintos objetivos; no solamente repartir o gestionar los camiones aljibes, sino que tambi\u00e9n ir educando y creando conciencia en la comunidad respecto a esta problem\u00e1tica\u201d.<\/p>\n<p>Asimismo, Alfredo Caro, Director de Medio Ambiente, Aseo y Ornato (Dimao) del municipio, indic\u00f3 que \u00a0dentro de la estrategia medioambiental comunal hay una l\u00ednea estrat\u00e9gica que va directamente relacionada con el recurso h\u00eddrico, \u201cen donde nos enfocamos en todo lo que tiene que ver con el diagn\u00f3stico de cuencas, la protecci\u00f3n de \u00e9stas, seg\u00fan la priorizaci\u00f3n que hagamos para que estas cuentas abastecedoras de agua en sectores rurales y urbanos puedan ser reforestadas y pueda mantenerse una mejor calidad de agua\u201d.<\/p>\n<p>\u201cEntendiendo que el recurso h\u00eddrico se ha hecho bastante escaso y no est\u00e1 presente en todos los sectores rurales y lo m\u00e1s probable es que corto o a mediano plazo, y a nivel urbano tambi\u00e9n sea una problem\u00e1tica. Por lo tanto, es importante prepararnos y trabajar en conjunto por la protecci\u00f3n y la recuperaci\u00f3n del agua\u201d, agreg\u00f3 el funcionario.<\/p>\n<p>En tanto, esta feria tambi\u00e9n pudo contar con la presencia de la Direcci\u00f3n General de Aguas en la regi\u00f3n de Los Lagos, siendo su \u00a0directora, Fabiola Pizarro, quien tambi\u00e9n \u00a0particip\u00f3 de una de las exposiciones, expresando que \u201cse visibiliza la problem\u00e1tica del agua, que no solamente es una problem\u00e1tica que se ve a nivel central, sino que tambi\u00e9n en la provincia de Chilo\u00e9. Por eso nosotros, como Direcci\u00f3n General de Aguas, estamos participando en todas la actividades que nos inviten, para poder contar los ejes prioritarios del nuevo C\u00f3digo de Agua\u201d.<\/p>\n<p>&nbsp;<\/p>\n","protected":false},"excerpt":{"rendered":"<p>&nbsp; Actividad organizada por el municipio ancuditano congreg\u00f3 a instituciones privadas y p\u00fablicas en el an\u00e1lisis de la situaci\u00f3n h\u00eddrica de la provincia La primera Expo Agua y Sostenibilidad organizada por la Direcci\u00f3n de Turismo y Fomento Productivo de la Ilustre Municipalidad de Ancud, se desarroll\u00f3 en el Marco de las actividades conmemorativas por los [&hellip;]<\/p>\n","protected":false},"author":7,"featured_media":30967,"comment_status":"closed","ping_status":"closed","sticky":false,"template":"","format":"standard","meta":{"footnotes":""},"categories":[34,25,32,4],"tags":[],"class_list":["post-30966","post","type-post","status-publish","format-standard","has-post-thumbnail","hentry","category-ditufop","category-educacion","category-medio-ambiente-aseo-y-ornato","category-sala-de-prensa"],"_links":{"self":[{"href":"https:\/\/www.muniancud.cl\/portal\/wp-json\/wp\/v2\/posts\/30966","targetHints":{"allow":["GET"]}}],"collection":[{"href":"https:\/\/www.muniancud.cl\/portal\/wp-json\/wp\/v2\/posts"}],"about":[{"href":"https:\/\/www.muniancud.cl\/portal\/wp-json\/wp\/v2\/types\/post"}],"author":[{"embeddable":true,"href":"https:\/\/www.muniancud.cl\/portal\/wp-json\/wp\/v2\/users\/7"}],"replies":[{"embeddable":true,"href":"https:\/\/www.muniancud.cl\/portal\/wp-json\/wp\/v2\/comments?post=30966"}],"version-history":[{"count":1,"href":"https:\/\/www.muniancud.cl\/portal\/wp-json\/wp\/v2\/posts\/30966\/revisions"}],"predecessor-version":[{"id":30969,"href":"https:\/\/www.muniancud.cl\/portal\/wp-json\/wp\/v2\/posts\/30966\/revisions\/30969"}],"wp:featuredmedia":[{"embeddable":true,"href":"https:\/\/www.muniancud.cl\/portal\/wp-json\/wp\/v2\/media\/30967"}],"wp:attachment":[{"href":"https:\/\/www.muniancud.cl\/portal\/wp-json\/wp\/v2\/media?parent=30966"}],"wp:term":[{"taxonomy":"category","embeddable":true,"href":"https:\/\/www.muniancud.cl\/portal\/wp-json\/wp\/v2\/categories?post=30966"},{"taxonomy":"post_tag","embeddable":true,"href":"https:\/\/www.muniancud.cl\/portal\/wp-json\/wp\/v2\/tags?post=30966"}],"curies":[{"name":"wp","href":"https:\/\/api.w.org\/{rel}","templated":true}]}}