{"id":30974,"date":"2022-08-22T14:12:24","date_gmt":"2022-08-22T18:12:24","guid":{"rendered":"https:\/\/www.muniancud.cl\/portal\/?p=30974"},"modified":"2022-08-22T14:12:57","modified_gmt":"2022-08-22T18:12:57","slug":"ancud-cumple-254-anos-pensando-en-mas-viviendas-y-menos-basura","status":"publish","type":"post","link":"https:\/\/www.muniancud.cl\/portal\/ancud-cumple-254-anos-pensando-en-mas-viviendas-y-menos-basura\/","title":{"rendered":"Ancud cumple 254 a\u00f1os pensando en m\u00e1s viviendas y menos basura"},"content":{"rendered":"<p data-reader-unique-id=\"3\">Con una gran participaci\u00f3n de vecinas y vecinos se han desarrollado las actividades de celebraci\u00f3n del mes aniversario de Ancud, cuya \u00faltima semana ha sido una de las m\u00e1s importantes pues correspondi\u00f3 ayer la realizaci\u00f3n del acto oficial por los 254 a\u00f1os que cumpli\u00f3 la ciudad.<\/p>\n<p data-reader-unique-id=\"4\">Lo anterior, marca la reanudaci\u00f3n de las celebraciones tradicionales que se realizan en el norte de la Isla, y que en el caso particular de este s\u00e1bado permiti\u00f3 retomar la tradicional ceremonia que se desarroll\u00f3 en la sala de la Casa del Adulto Mayor, ubicada en calle Almirante Latorre, con intervenci\u00f3n de distintas organizaciones e instituciones.<\/p>\n<p data-reader-unique-id=\"5\">Tras dos a\u00f1os de estrictas medidas que imped\u00edan el desarrollo de actividades masivas, finalmente -aunque todav\u00eda con restricciones- ha sido posible reactivar paulatinamente estos eventos que convocan a las familias, convirti\u00e9ndolas en protagonistas de la celebraci\u00f3n.<\/p>\n<p data-reader-unique-id=\"6\">El alcalde Carlos G\u00f3mez Miranda, destac\u00f3 que \u00abnuestro municipio ha trabajado incansablemente por un solo objetivo, hacer las cosas lo mejor posible para conseguir el bienestar de todos nuestros habitantes. Podemos se\u00f1alar con orgullo, que hemos promovido la participaci\u00f3n de la comunidad en las distintas esferas de desarrollo local. Hemos trabajado en el fortalecimiento de la seguridad ciudadana, hemos destinado financiamiento al cuidado de la ni\u00f1ez, la adolescencia, la juventud, la adultez, el deporte y el desarrollo territorial\u00bb.<\/p>\n<h3 data-reader-unique-id=\"7\">Bien com\u00fan<\/h3>\n<p data-reader-unique-id=\"8\">Sum\u00f3 el jefe comunal que \u00abel rol de nuestra administraci\u00f3n local, ha sido buscar un acercamiento con la comunidad\u00bb. En tal sentido, anunci\u00f3 iniciativas ligadas a un bien com\u00fan tan solicitado como la necesidad de vivienda para los vecinos.<\/p>\n<p data-reader-unique-id=\"9\">\u00abNuestra comuna mantiene lamentablemente la cifra de 1.500 vecinas y vecinos, sin casa propia. Una situaci\u00f3n que se ha agravado en los \u00faltimos a\u00f1os en todo el pa\u00eds. No obstante, hemos realizado gestiones de todo nivel, para poder abordar esta situaci\u00f3n\u00bb, remarc\u00f3 la fuente.<\/p>\n<p data-reader-unique-id=\"10\">Agreg\u00f3 que \u00abeste a\u00f1o hemos podido concretar un gran anhelo, la licitaci\u00f3n de un terreno municipal con fines de construcci\u00f3n para viviendas sociales, sobre la cual se proyecta la construcci\u00f3n de un nuevo conjunto habitacional, el cual se encuentra en etapa de dise\u00f1o, en conjunto a una constructora de la zona\u00bb.<\/p>\n<h3 data-reader-unique-id=\"11\">Actualidad<\/h3>\n<p data-reader-unique-id=\"12\">Las organizaciones ciudadanas son quienes ponen la voz de alerta ante determinados conflictos, y son ellos tambi\u00e9n quienes analizan la actualidad comunal en este nuevo aniversario.<\/p>\n<p data-reader-unique-id=\"20\">En cuanto a las actividades de celebraci\u00f3n, son variadas las iniciativas que han tenido lugar estos d\u00edas. Con una tradici\u00f3n gastron\u00f3mica insular como protagonista, en el Parque Municipal Bellavista se dio el vamos este s\u00e1bado a la Fiesta del Milcao, que se extender\u00e1 hasta hoy, a cargo del municipio local, la Corporaci\u00f3n Cultural y la Direcci\u00f3n de Desarrollo Comunitario.<\/p>\n<p data-reader-unique-id=\"21\"><img loading=\"lazy\" decoding=\"async\" class=\"wp-image-30975 alignright\" src=\"https:\/\/www.muniancud.cl\/portal\/wp-content\/uploads\/2022\/08\/299330452_1709657739419070_8056090340478674996_n-300x200.jpg\" alt=\"\" width=\"464\" height=\"309\" srcset=\"https:\/\/www.muniancud.cl\/portal\/wp-content\/uploads\/2022\/08\/299330452_1709657739419070_8056090340478674996_n-300x200.jpg 300w, https:\/\/www.muniancud.cl\/portal\/wp-content\/uploads\/2022\/08\/299330452_1709657739419070_8056090340478674996_n-1024x682.jpg 1024w, https:\/\/www.muniancud.cl\/portal\/wp-content\/uploads\/2022\/08\/299330452_1709657739419070_8056090340478674996_n-768x512.jpg 768w, https:\/\/www.muniancud.cl\/portal\/wp-content\/uploads\/2022\/08\/299330452_1709657739419070_8056090340478674996_n-1536x1023.jpg 1536w, https:\/\/www.muniancud.cl\/portal\/wp-content\/uploads\/2022\/08\/299330452_1709657739419070_8056090340478674996_n-696x464.jpg 696w, https:\/\/www.muniancud.cl\/portal\/wp-content\/uploads\/2022\/08\/299330452_1709657739419070_8056090340478674996_n-1068x712.jpg 1068w, https:\/\/www.muniancud.cl\/portal\/wp-content\/uploads\/2022\/08\/299330452_1709657739419070_8056090340478674996_n-630x420.jpg 630w, https:\/\/www.muniancud.cl\/portal\/wp-content\/uploads\/2022\/08\/299330452_1709657739419070_8056090340478674996_n-1920x1279.jpg 1920w, https:\/\/www.muniancud.cl\/portal\/wp-content\/uploads\/2022\/08\/299330452_1709657739419070_8056090340478674996_n.jpg 1969w\" sizes=\"auto, (max-width: 464px) 100vw, 464px\" \/>Junto a esta especialidad culinaria isle\u00f1a, los asistentes podr\u00e1n disfrutar de otros platos como pan de papa con chicharr\u00f3n y queso, estofado de carne, cazuelas, navegaos, bebestibles, entre otros, adem\u00e1s de pasar un rato en familia disfrutando de un entretenido show art\u00edstico en ambas jornadas, junto a otras sorpresas.<\/p>\n<p data-reader-unique-id=\"22\">\u00abEsta es la primera versi\u00f3n, queremos potenciar de esta manera el \u00e1mbito cultural y tur\u00edstico de la comuna, en este periodo de invierno que es muy bajo. As\u00ed que por eso, esta invitaci\u00f3n para poder participar de la Fiesta del Milcao\u00bb, coment\u00f3 Agust\u00edn Pe\u00f1a, secretario ejecutivo de la Corporaci\u00f3n Cultural.<\/p>\n<p data-reader-unique-id=\"23\">Asimismo, entre otras iniciativas que contempla este cumplea\u00f1os ancuditano, aparecen concursos de dibujo, caminata sustentable en playa Arena Gruesa, feria universitaria, un city tour, campeonato de tenis de mesa, concurso de fotograf\u00eda, y la celebraci\u00f3n \u00abPasamos agosto\u00bb. M\u00e1s detalles de d\u00edas y horarios en redes sociales como el Facebook: Ilustre Municipalidad de Ancud, o a trav\u00e9s de la web en www.muniancud.cl.<\/p>\n<p data-reader-unique-id=\"23\"><span style=\"color: #111111;font-family: Roboto, sans-serif;font-size: 19px\">Historia<\/span><\/p>\n<div data-reader-unique-id=\"30\">\n<p data-reader-unique-id=\"32\">Haciendo un repaso por los libros, la ciudad de Ancud fue fundada el 20 de agosto de 1768 por el brigadier espa\u00f1ol, capit\u00e1n de dragones, Carlos Berenguer. Luego que el virrey Jos\u00e9 Amat propusiera fortificar Chilo\u00e9 y fundar una villa que transformara a este punto de los territorios australes en un muro aprobado por real ordenanza del 20 de agosto de 1767; con tal prop\u00f3sito Carlos de Berenguer fue nombrado gobernador de Chilo\u00e9, llegando a este Archipi\u00e9lago (Chacao) el 6 de junio de 1768, aboc\u00e1ndose de inmediato a planificar la fortificaci\u00f3n y fundaci\u00f3n de la villa. Ancud obtiene su nombre del mapudungun \u00abvalle grande\u00bb. Tambi\u00e9n desde esta lengua otros autores la dictan como \u00abcerros ventrudos\u00bb o \u00abtierra f\u00e9rtil\u00bb. Sin embargo, de acuerdo a la teor\u00eda que plantea el profesor e historiador local, Jos\u00e9 Ulloa, la situaci\u00f3n podr\u00eda ser distinta. \u00abLa fundaci\u00f3n de San Carlos de Chilo\u00e9 no se realiz\u00f3 un 20 de agosto de 1768, ustedes me van a preguntar \u00bfpor que? Porque esa fecha se hizo tradicional, creemos interpretando la publicaci\u00f3n del profesor ancuditano Pedro J. Barrientos, titulado &#8216;Historia de Chilo\u00e9&#8217;; en las cronolog\u00edas de los cap\u00edtulos 4 y 8, y curiosamente ese libro tiene 3 ediciones: 1932, 1938 y 2016, y ninguna de las 3 ediciones fue corregido el error\u00bb. Adjunt\u00f3 que \u00abtampoco en la obra se anexa ning\u00fan documento fundacional, citando solo la real c\u00e9dula, pero que repito, la c\u00e9dula del 20 de agosto es del a\u00f1o 1767\u00bb.<\/p>\n<\/div>\n<p data-reader-unique-id=\"32\">Fuente: La Estrella de Chilo\u00e9<\/p>\n","protected":false},"excerpt":{"rendered":"<p>Con una gran participaci\u00f3n de vecinas y vecinos se han desarrollado las actividades de celebraci\u00f3n del mes aniversario de Ancud, cuya \u00faltima semana ha sido una de las m\u00e1s importantes pues correspondi\u00f3 ayer la realizaci\u00f3n del acto oficial por los 254 a\u00f1os que cumpli\u00f3 la ciudad. Lo anterior, marca la reanudaci\u00f3n de las celebraciones tradicionales [&hellip;]<\/p>\n","protected":false},"author":7,"featured_media":30976,"comment_status":"closed","ping_status":"closed","sticky":false,"template":"","format":"standard","meta":{"footnotes":""},"categories":[26,27,34,25,32,4,24,29,31],"tags":[],"class_list":["post-30974","post","type-post","status-publish","format-standard","has-post-thumbnail","hentry","category-cultura","category-dideco","category-ditufop","category-educacion","category-medio-ambiente-aseo-y-ornato","category-sala-de-prensa","category-salud","category-secplan","category-seguridad-publica"],"_links":{"self":[{"href":"https:\/\/www.muniancud.cl\/portal\/wp-json\/wp\/v2\/posts\/30974","targetHints":{"allow":["GET"]}}],"collection":[{"href":"https:\/\/www.muniancud.cl\/portal\/wp-json\/wp\/v2\/posts"}],"about":[{"href":"https:\/\/www.muniancud.cl\/portal\/wp-json\/wp\/v2\/types\/post"}],"author":[{"embeddable":true,"href":"https:\/\/www.muniancud.cl\/portal\/wp-json\/wp\/v2\/users\/7"}],"replies":[{"embeddable":true,"href":"https:\/\/www.muniancud.cl\/portal\/wp-json\/wp\/v2\/comments?post=30974"}],"version-history":[{"count":2,"href":"https:\/\/www.muniancud.cl\/portal\/wp-json\/wp\/v2\/posts\/30974\/revisions"}],"predecessor-version":[{"id":30978,"href":"https:\/\/www.muniancud.cl\/portal\/wp-json\/wp\/v2\/posts\/30974\/revisions\/30978"}],"wp:featuredmedia":[{"embeddable":true,"href":"https:\/\/www.muniancud.cl\/portal\/wp-json\/wp\/v2\/media\/30976"}],"wp:attachment":[{"href":"https:\/\/www.muniancud.cl\/portal\/wp-json\/wp\/v2\/media?parent=30974"}],"wp:term":[{"taxonomy":"category","embeddable":true,"href":"https:\/\/www.muniancud.cl\/portal\/wp-json\/wp\/v2\/categories?post=30974"},{"taxonomy":"post_tag","embeddable":true,"href":"https:\/\/www.muniancud.cl\/portal\/wp-json\/wp\/v2\/tags?post=30974"}],"curies":[{"name":"wp","href":"https:\/\/api.w.org\/{rel}","templated":true}]}}