{"id":30979,"date":"2022-08-22T12:18:08","date_gmt":"2022-08-22T16:18:08","guid":{"rendered":"https:\/\/www.muniancud.cl\/portal\/?p=30979"},"modified":"2022-08-22T14:28:41","modified_gmt":"2022-08-22T18:28:41","slug":"30979-2","status":"publish","type":"post","link":"https:\/\/www.muniancud.cl\/portal\/30979-2\/","title":{"rendered":"Ancud celebra sus 254 a\u00f1os reconociendo a sus vecinos destacados"},"content":{"rendered":"<p>La comunidad ancuditana\u00a0 se\u00a0 reuni\u00f3 hoy, en una sencilla pero solemne ceremonia, en dependencias del\u00a0 sal\u00f3n de la Casa del Adulto Mayor, para conmemorar los 254 a\u00f1os desde que se fundara la Villa San Carlos de Ancud, que se transform\u00f3 en la altiva, fuerte y leal ciudad Ancud.<\/p>\n<p>Con la presencia de diversas autoridades pol\u00edticas y civiles de la regi\u00f3n y la comuna, se di\u00f3 vida a una nueva celebraci\u00f3n del aniversario de la comuna de Ancud. Con conjuntos folcl\u00f3ricos que le dieron el toque art\u00edstico a esta actividad se present\u00f3 tambi\u00e9n el historiador Jorge Uribe que entreg\u00f3 una rese\u00f1a hist\u00f3rica de la fundaci\u00f3n de la comuna del Pudeto qu\u00e9 dice relaci\u00f3n con la importancia de la localidad de Chacao \u00e9ste hito hist\u00f3rico y que finaliz\u00f3 con la frase que resume el sentimiento de la comunidad: \u201ctrabajar y\u00a0 luchar por la comuna de Ancud siempre ser\u00e1 un honor\u201d.<\/p>\n<p><img loading=\"lazy\" decoding=\"async\" class=\" wp-image-30988 alignleft\" src=\"https:\/\/www.muniancud.cl\/portal\/wp-content\/uploads\/2022\/08\/2c50763b-901d-4036-9bed-a82a57477c94-300x169.jpg\" alt=\"\" width=\"359\" height=\"202\" srcset=\"https:\/\/www.muniancud.cl\/portal\/wp-content\/uploads\/2022\/08\/2c50763b-901d-4036-9bed-a82a57477c94-300x169.jpg 300w, https:\/\/www.muniancud.cl\/portal\/wp-content\/uploads\/2022\/08\/2c50763b-901d-4036-9bed-a82a57477c94-768x432.jpg 768w, https:\/\/www.muniancud.cl\/portal\/wp-content\/uploads\/2022\/08\/2c50763b-901d-4036-9bed-a82a57477c94-696x392.jpg 696w, https:\/\/www.muniancud.cl\/portal\/wp-content\/uploads\/2022\/08\/2c50763b-901d-4036-9bed-a82a57477c94-747x420.jpg 747w, https:\/\/www.muniancud.cl\/portal\/wp-content\/uploads\/2022\/08\/2c50763b-901d-4036-9bed-a82a57477c94.jpg 1024w\" sizes=\"auto, (max-width: 359px) 100vw, 359px\" \/><\/p>\n<p>En la \u00a0oportunidad, el alcalde Carlos Gomez Miranda, se dirigi\u00f3 a los asistentes relevando la importancia de los vecinos que se destacan len la comunidad y que desde este a\u00f1o, ser\u00e1n considerados en el reconocimiento comunal.<\/p>\n<p>\u201cSon 14 los hombres y mujeres que fueron destacados en esta ceremonia y que se le reconoce el nombre del municipio, el nombre de la comunidad, su trayectoria, su entrega hacia la comunidad. \u00c9ste es un acuerdo que hemos adoptado como Concejo Municipal, se\u00f1al\u00f3 el jefe comunal, a\u00f1adiendo que \u201chemos entendido que los reconocimientos hay que hacerlos en vida, no cuando la persona ya est\u00e1 ausente\u201d.<\/p>\n<p>Asimismo, hizo un llamado a buscar el acercamiento con la comunidad. Con el compromiso del desarrollo de todos los sectores. Resaltando la labor del Concejo Municipal en apoyo a los distintos gremios y a la administraci\u00f3n municipal. Destacando las 400 familias favorecidas con agua potable, las 300 familias nuevs que cuentan con electrificaci\u00f3n desde este a\u00f1o, y la buena integraci\u00f3n que se ha generado de la juventud al trabajo municipal, generando una \u201cparticipaci\u00f3n activa, territorial y diversa, para volver a encantar a sus j\u00f3venes\u201d.<img loading=\"lazy\" decoding=\"async\" class=\" wp-image-30980 alignright\" src=\"https:\/\/www.muniancud.cl\/portal\/wp-content\/uploads\/2022\/08\/77cf9c02-7561-4f24-9665-60ec72a5c2f8-300x169.jpg\" alt=\"\" width=\"451\" height=\"254\" srcset=\"https:\/\/www.muniancud.cl\/portal\/wp-content\/uploads\/2022\/08\/77cf9c02-7561-4f24-9665-60ec72a5c2f8-300x169.jpg 300w, https:\/\/www.muniancud.cl\/portal\/wp-content\/uploads\/2022\/08\/77cf9c02-7561-4f24-9665-60ec72a5c2f8-768x432.jpg 768w, https:\/\/www.muniancud.cl\/portal\/wp-content\/uploads\/2022\/08\/77cf9c02-7561-4f24-9665-60ec72a5c2f8-696x392.jpg 696w, https:\/\/www.muniancud.cl\/portal\/wp-content\/uploads\/2022\/08\/77cf9c02-7561-4f24-9665-60ec72a5c2f8-747x420.jpg 747w, https:\/\/www.muniancud.cl\/portal\/wp-content\/uploads\/2022\/08\/77cf9c02-7561-4f24-9665-60ec72a5c2f8.jpg 1024w\" sizes=\"auto, (max-width: 451px) 100vw, 451px\" \/><\/p>\n<p>Ruth Gallardo, una de las homenajeadas se\u00f1al\u00f3 estar muy agradecida del reconocimiento que se le hace \u201dagradecida de Dios y a la vida que me ha dado la posibilidad de servir a mi comuna. Agradecida que se reconoci\u00f3 esta labor que hace una persona, que tiene muchas ra\u00edces que que nos han cooperado para hacer la acci\u00f3n. Lo agradezco infinitamente, la oportunidad de tener 60 a\u00f1os de servicio de la Cruz Roja que me sirvi\u00f3, a trav\u00e9s de la juventud, a ayudar a los despose\u00eddos que est\u00e1n solos y complicado tambi\u00e9n. Agradezco a la vida que me dio la oportunidad de cantar por m\u00e1s de 50 a\u00f1os, voz soprano en el coro. Agradezco a la vida de ver tanto servido como profesora. Trabaj\u00e9 en la escuela anexa 37 a\u00f1os; y despu\u00e9s como adulto mayor sigo trabajando y eso agradezco a la vida a Dios y a mi familia y a mis hijos\u201d .<\/p>\n<p><img loading=\"lazy\" decoding=\"async\" class=\" wp-image-30989 alignright\" src=\"https:\/\/www.muniancud.cl\/portal\/wp-content\/uploads\/2022\/08\/5e1c0724-dc3e-49c2-9dee-f18910d5d464-300x169.jpg\" alt=\"\" width=\"408\" height=\"230\" srcset=\"https:\/\/www.muniancud.cl\/portal\/wp-content\/uploads\/2022\/08\/5e1c0724-dc3e-49c2-9dee-f18910d5d464-300x169.jpg 300w, https:\/\/www.muniancud.cl\/portal\/wp-content\/uploads\/2022\/08\/5e1c0724-dc3e-49c2-9dee-f18910d5d464-768x432.jpg 768w, https:\/\/www.muniancud.cl\/portal\/wp-content\/uploads\/2022\/08\/5e1c0724-dc3e-49c2-9dee-f18910d5d464-696x392.jpg 696w, https:\/\/www.muniancud.cl\/portal\/wp-content\/uploads\/2022\/08\/5e1c0724-dc3e-49c2-9dee-f18910d5d464-747x420.jpg 747w, https:\/\/www.muniancud.cl\/portal\/wp-content\/uploads\/2022\/08\/5e1c0724-dc3e-49c2-9dee-f18910d5d464.jpg 1024w\" sizes=\"auto, (max-width: 408px) 100vw, 408px\" \/>De la misma manera otra de las vecinas reconocidas, Yolanda Ule, agradeci\u00f3, \u201cen primer lugar lugar, donde yo nac\u00ed, el campo llamado Caul\u00edn ya todo el sector rural, un agradecimiento muy grande a todos los aquellos que apoyaron este reconocimiento. Muchas gracias se\u00f1or alcalde y a todo el cuerpo edilicio. Aprovechando la oportunidad de hacer una solicitud: Quiero pedir a la juventud, por este medio los profesores, que en los colegios que se vuelva hablar de la parte emocional. Formar grupos que pueden llegar a la gente abandonada que necesita una ayuda. Cu\u00e1ntos abuelitos no pueden hacer sus cosas. Hacer un llamado a la juventud que sea condescendiente con las personas mayores\u201d.<\/p>\n<p>Finalmente, el Alcalde G\u00f3mez hizo una invitaci\u00f3n a todos y todas que se sienta convocado. \u201cUna invitaci\u00f3n a la unidad, al trabajo colaborativo, alejar diferencias de lado para trabajar por el desarrollo y el progreso de esta gran ciudad\u201d.<\/p>\n<p>&nbsp;<\/p>\n","protected":false},"excerpt":{"rendered":"<p>La comunidad ancuditana\u00a0 se\u00a0 reuni\u00f3 hoy, en una sencilla pero solemne ceremonia, en dependencias del\u00a0 sal\u00f3n de la Casa del Adulto Mayor, para conmemorar los 254 a\u00f1os desde que se fundara la Villa San Carlos de Ancud, que se transform\u00f3 en la altiva, fuerte y leal ciudad Ancud. Con la presencia de diversas autoridades pol\u00edticas [&hellip;]<\/p>\n","protected":false},"author":7,"featured_media":30990,"comment_status":"closed","ping_status":"closed","sticky":false,"template":"","format":"standard","meta":{"footnotes":""},"categories":[26,27,34,32,30],"tags":[],"class_list":["post-30979","post","type-post","status-publish","format-standard","has-post-thumbnail","hentry","category-cultura","category-dideco","category-ditufop","category-medio-ambiente-aseo-y-ornato","category-operaciones"],"_links":{"self":[{"href":"https:\/\/www.muniancud.cl\/portal\/wp-json\/wp\/v2\/posts\/30979","targetHints":{"allow":["GET"]}}],"collection":[{"href":"https:\/\/www.muniancud.cl\/portal\/wp-json\/wp\/v2\/posts"}],"about":[{"href":"https:\/\/www.muniancud.cl\/portal\/wp-json\/wp\/v2\/types\/post"}],"author":[{"embeddable":true,"href":"https:\/\/www.muniancud.cl\/portal\/wp-json\/wp\/v2\/users\/7"}],"replies":[{"embeddable":true,"href":"https:\/\/www.muniancud.cl\/portal\/wp-json\/wp\/v2\/comments?post=30979"}],"version-history":[{"count":4,"href":"https:\/\/www.muniancud.cl\/portal\/wp-json\/wp\/v2\/posts\/30979\/revisions"}],"predecessor-version":[{"id":30986,"href":"https:\/\/www.muniancud.cl\/portal\/wp-json\/wp\/v2\/posts\/30979\/revisions\/30986"}],"wp:featuredmedia":[{"embeddable":true,"href":"https:\/\/www.muniancud.cl\/portal\/wp-json\/wp\/v2\/media\/30990"}],"wp:attachment":[{"href":"https:\/\/www.muniancud.cl\/portal\/wp-json\/wp\/v2\/media?parent=30979"}],"wp:term":[{"taxonomy":"category","embeddable":true,"href":"https:\/\/www.muniancud.cl\/portal\/wp-json\/wp\/v2\/categories?post=30979"},{"taxonomy":"post_tag","embeddable":true,"href":"https:\/\/www.muniancud.cl\/portal\/wp-json\/wp\/v2\/tags?post=30979"}],"curies":[{"name":"wp","href":"https:\/\/api.w.org\/{rel}","templated":true}]}}