{"id":30995,"date":"2022-08-23T18:26:42","date_gmt":"2022-08-23T22:26:42","guid":{"rendered":"https:\/\/www.muniancud.cl\/portal\/?p=30995"},"modified":"2022-08-23T18:26:52","modified_gmt":"2022-08-23T22:26:52","slug":"municipio-de-ancud-hace-un-balance-positivo-de-la-fiesta-del-milcao","status":"publish","type":"post","link":"https:\/\/www.muniancud.cl\/portal\/municipio-de-ancud-hace-un-balance-positivo-de-la-fiesta-del-milcao\/","title":{"rendered":"Municipio de Ancud hace un balance positivo de la Fiesta del Milcao"},"content":{"rendered":"<p>Como un desaf\u00edo surgi\u00f3 la idea de generar una fiesta nueva, fuera de la estacionalidad; principalmente de celebraci\u00f3n del aniversario de la comuna, pero con la clara intenci\u00f3n de generar un espacio de encuentro de la comunidad frente a una expresi\u00f3n de la gastronom\u00eda local, es que naci\u00f3 la Fiesta del Milcao, desarrollado este fin de semana en la comuna de Ancud, en el marco del cumplea\u00f1os n\u00famero 254 de la ciudad.<\/p>\n<p>Una primera versi\u00f3n que dej\u00f3 muy contentos a sus organizadores y participantes y que ya se proyecta con m\u00e1s versiones a futuro, siempre enmarcada en el 20 de agosto, conmemorando la fundaci\u00f3n de la Villa San Carlos de Ancud.<\/p>\n<p>Para el Alcalde de la comuna,Carlos G\u00f3mez Miranda, esta actividad generada junto a la Corporaci\u00f3n Cultural y a la Direcci\u00f3n de Desarrollo Comunitario y que parte en la alcald\u00eda, ten\u00eda como objetivo romper la \u00e9poca invernal, acostumbrados a hacer muchas actividades desde diciembre a marzo o fines de febrero. \u201cYo hace bastante tiempo he estado buscando la posibilidad de generar algo, porque creo que con nuestra gente es posible llevar adelante una actividad exitosa, y adem\u00e1s, en esta \u00e9poca del a\u00f1o tambi\u00e9n tenemos a gente que nos visita, ya sea del pa\u00eds o el extranjero. Entonces, dijimos \u00bfqu\u00e9 actividad llevamos adelante, que sea nuestra y que tenga que ver con gastronom\u00eda y que de una\u00a0 oportunidad al folclor? Y llegamos a esta Fiesta del Milcao\u201d.<\/p>\n<p><img loading=\"lazy\" decoding=\"async\" class=\" wp-image-30998 alignright\" src=\"https:\/\/www.muniancud.cl\/portal\/wp-content\/uploads\/2022\/08\/b2b77608-6a1c-469c-a9db-b1d00f139cdd-300x200.jpg\" alt=\"\" width=\"450\" height=\"300\" srcset=\"https:\/\/www.muniancud.cl\/portal\/wp-content\/uploads\/2022\/08\/b2b77608-6a1c-469c-a9db-b1d00f139cdd-300x200.jpg 300w, https:\/\/www.muniancud.cl\/portal\/wp-content\/uploads\/2022\/08\/b2b77608-6a1c-469c-a9db-b1d00f139cdd-1024x682.jpg 1024w, https:\/\/www.muniancud.cl\/portal\/wp-content\/uploads\/2022\/08\/b2b77608-6a1c-469c-a9db-b1d00f139cdd-768x511.jpg 768w, https:\/\/www.muniancud.cl\/portal\/wp-content\/uploads\/2022\/08\/b2b77608-6a1c-469c-a9db-b1d00f139cdd-696x463.jpg 696w, https:\/\/www.muniancud.cl\/portal\/wp-content\/uploads\/2022\/08\/b2b77608-6a1c-469c-a9db-b1d00f139cdd-1068x711.jpg 1068w, https:\/\/www.muniancud.cl\/portal\/wp-content\/uploads\/2022\/08\/b2b77608-6a1c-469c-a9db-b1d00f139cdd-631x420.jpg 631w, https:\/\/www.muniancud.cl\/portal\/wp-content\/uploads\/2022\/08\/b2b77608-6a1c-469c-a9db-b1d00f139cdd.jpg 1280w\" sizes=\"auto, (max-width: 450px) 100vw, 450px\" \/>Con el temor de que las condiciones del tiempo hab\u00edan sido desfavorables este mes de agosto, el municipio arriesgo y se decidi\u00f3 hacer una buena difusi\u00f3n y enmarcarlo dentro del aniversario 254 de la comuna. \u201cY hoy d\u00eda ya habiendo culminado dicha actividad podemos decir que estamos muy satisfechos. Primero, porque todas las organizaciones que participaron durante mi recorrido que hice el d\u00eda s\u00e1bado y domingo sacaban cuentas alegres. Que hab\u00eda vendido pr\u00e1cticamente todo y con respecto a lo que fueron las presentaciones art\u00edsticas, de Folklore, con conjunto de nuestra comuna, de la provincia de Chilo\u00e9 y tambi\u00e9n fuera de la provincia, fue un espect\u00e1culo redondo. La gente particip\u00f3 , Disfruto, se qued\u00f3 hasta tarde y estuvo durante todo el d\u00eda. Es incre\u00edble, ni siquiera en las fiestas del mes de enero o en febrero ten\u00edamos tanto p\u00fablico como lo tuvimos este fin de semana, pr\u00e1cticamente desde mediod\u00eda hasta las 11:00 de la noche que terminaba actividad\u201d.<\/p>\n<p>Con 17 m\u00f3dulos que estuvieron funcionando con distintos productos, pero principalmente con el rey de la fiesta: el milcao en distintas variedades. \u201cEsto nos deja muy motivado, no deja entusiasmado para que el pr\u00f3ximo a\u00f1o podamos volver a repetirlo. Seg\u00fan la informaci\u00f3n que me entregaron los funcionarios que estuvieron a cargo de medir la cantidad de gente que llega estamos hablando de que en estos dos d\u00edas visitaron el parque Bellavista entre 12 mil a 13 mil personas, lo cual es muy bueno\u201d, declar\u00f3 el edil.<\/p>\n<p>El Secretario Ejecutivo de la Corporaci\u00f3n Cultural Municipal, Agust\u00edn Pe\u00f1a, destac\u00f3 que as\u00ed como la gente qued\u00f3 muy contenta con la Fiesta de Milcao \u201cnosotros tambi\u00e9n hacemos un balance positivo de todas las actividades que se realizaron en el parque Bellavista. Y lo principal, es que tuvimos una muestra de art\u00edstica folcl\u00f3rica que estuvo ininterrumpidamente durante los dos d\u00edas para que las personas puedan disfrutar y al mismo tiempo pudieran consumir todos los alimentos, todas las comidas t\u00edpicas que estaban de los m\u00f3dulos.<\/p>\n<p>&nbsp;<\/p>\n<p>&nbsp;<\/p>\n","protected":false},"excerpt":{"rendered":"<p>Como un desaf\u00edo surgi\u00f3 la idea de generar una fiesta nueva, fuera de la estacionalidad; principalmente de celebraci\u00f3n del aniversario de la comuna, pero con la clara intenci\u00f3n de generar un espacio de encuentro de la comunidad frente a una expresi\u00f3n de la gastronom\u00eda local, es que naci\u00f3 la Fiesta del Milcao, desarrollado este fin [&hellip;]<\/p>\n","protected":false},"author":7,"featured_media":30996,"comment_status":"closed","ping_status":"closed","sticky":false,"template":"","format":"standard","meta":{"footnotes":""},"categories":[26,27,32,4],"tags":[],"class_list":["post-30995","post","type-post","status-publish","format-standard","has-post-thumbnail","hentry","category-cultura","category-dideco","category-medio-ambiente-aseo-y-ornato","category-sala-de-prensa"],"_links":{"self":[{"href":"https:\/\/www.muniancud.cl\/portal\/wp-json\/wp\/v2\/posts\/30995","targetHints":{"allow":["GET"]}}],"collection":[{"href":"https:\/\/www.muniancud.cl\/portal\/wp-json\/wp\/v2\/posts"}],"about":[{"href":"https:\/\/www.muniancud.cl\/portal\/wp-json\/wp\/v2\/types\/post"}],"author":[{"embeddable":true,"href":"https:\/\/www.muniancud.cl\/portal\/wp-json\/wp\/v2\/users\/7"}],"replies":[{"embeddable":true,"href":"https:\/\/www.muniancud.cl\/portal\/wp-json\/wp\/v2\/comments?post=30995"}],"version-history":[{"count":2,"href":"https:\/\/www.muniancud.cl\/portal\/wp-json\/wp\/v2\/posts\/30995\/revisions"}],"predecessor-version":[{"id":31000,"href":"https:\/\/www.muniancud.cl\/portal\/wp-json\/wp\/v2\/posts\/30995\/revisions\/31000"}],"wp:featuredmedia":[{"embeddable":true,"href":"https:\/\/www.muniancud.cl\/portal\/wp-json\/wp\/v2\/media\/30996"}],"wp:attachment":[{"href":"https:\/\/www.muniancud.cl\/portal\/wp-json\/wp\/v2\/media?parent=30995"}],"wp:term":[{"taxonomy":"category","embeddable":true,"href":"https:\/\/www.muniancud.cl\/portal\/wp-json\/wp\/v2\/categories?post=30995"},{"taxonomy":"post_tag","embeddable":true,"href":"https:\/\/www.muniancud.cl\/portal\/wp-json\/wp\/v2\/tags?post=30995"}],"curies":[{"name":"wp","href":"https:\/\/api.w.org\/{rel}","templated":true}]}}