{"id":31002,"date":"2022-08-25T10:33:04","date_gmt":"2022-08-25T14:33:04","guid":{"rendered":"https:\/\/www.muniancud.cl\/portal\/?p=31002"},"modified":"2022-08-25T10:33:04","modified_gmt":"2022-08-25T14:33:04","slug":"en-ancud-se-cierra-campana-de-acopio-de-pilas-usadas","status":"publish","type":"post","link":"https:\/\/www.muniancud.cl\/portal\/en-ancud-se-cierra-campana-de-acopio-de-pilas-usadas\/","title":{"rendered":"En Ancud se cierra campa\u00f1a de acopio de pilas usadas"},"content":{"rendered":"<p><strong><em>Cerca de 400 kilos fueron recaudados por Medio Ambiente Municipal, en conjunto con Saesa en la ciudad.<\/em><\/strong><\/p>\n<p>En el Galp\u00f3n Circular, infraestructura de reciclaje de la direcci\u00f3n de Medio Ambiente, Aseo y Ornato (Dimao) de la municipalidad de Ancud, se hizo el cierre de la campa\u00f1a \u201cPonte Pila\u201d de recolecci\u00f3n de pilas usadas, llevada a cabo entre la empresa Saesa y los municipios de la Provincia de Chilo\u00e9, que busca darle un destino seguro y reconocible para este tipo de desechos, que es muy peligroso y contaminante para la naturaleza.<\/p>\n<p>El director de la Dimao, Alfredo Caro, destac\u00f3 que en esta campa\u00f1a provincial se hizo una recolecci\u00f3n de pilas, \u201cdonde Saesa viene a colaborar con lo que es la recolecci\u00f3n final de cada uno de los lugares donde se acopiaron y tambi\u00e9n la disposici\u00f3n final de este residuo peligroso, para evitar que lleguen a un destino de disposici\u00f3n y pueda causar alguna problem\u00e1tica ambiental m\u00e1s importante\u201d.<\/p>\n<p>Agreg\u00f3 el personero municipal que \u201csi bien estamos tratando revalorizar la mayor cantidad de recibos posibles, \u00e9ste ahora lo estamos separando para evitar que llegue junto con la basura a los vertederos de las otras comunas, y en el caso nuestro evitar que llegue a disposici\u00f3n final, reduciendo igual la cantidad. Nosotros logramos juntar alrededor de 400 kilos de pilas, que principalmente se acopian en botellas pl\u00e1sticas, bidones, a trav\u00e9s de los distintos establecimientos educacionales hola mismas personas, quienes lea hac\u00edan llegar ala direcci\u00f3n de Medio Ambiente\u201d<\/p>\n<p>SAESA<\/p>\n<p>Desde la empresa el\u00e9ctrica, la Encargada de Comunicaciones, Javiera Fontesilla, se\u00f1al\u00f3 que este es un hito importante y una oportunidad para seguir educando con respecto al tema y lo que significa que las pilas terminen en un lugar no correcto. \u201cYa que tienen litio, mercurio y plomo, y esos al final, si lo tiramos a la basura com\u00fan y corriente termina contaminando la tierra, contaminando las aguas y eso al final nos hace da\u00f1o a nosotros mismos\u201d.<\/p>\n<p><img loading=\"lazy\" decoding=\"async\" class=\" wp-image-31004 alignright\" src=\"https:\/\/www.muniancud.cl\/portal\/wp-content\/uploads\/2022\/08\/9fe01cc9-3bb7-4c0a-be59-72933e8fab41-300x169.jpg\" alt=\"\" width=\"369\" height=\"208\" srcset=\"https:\/\/www.muniancud.cl\/portal\/wp-content\/uploads\/2022\/08\/9fe01cc9-3bb7-4c0a-be59-72933e8fab41-300x169.jpg 300w, https:\/\/www.muniancud.cl\/portal\/wp-content\/uploads\/2022\/08\/9fe01cc9-3bb7-4c0a-be59-72933e8fab41-768x432.jpg 768w, https:\/\/www.muniancud.cl\/portal\/wp-content\/uploads\/2022\/08\/9fe01cc9-3bb7-4c0a-be59-72933e8fab41-696x392.jpg 696w, https:\/\/www.muniancud.cl\/portal\/wp-content\/uploads\/2022\/08\/9fe01cc9-3bb7-4c0a-be59-72933e8fab41-747x420.jpg 747w, https:\/\/www.muniancud.cl\/portal\/wp-content\/uploads\/2022\/08\/9fe01cc9-3bb7-4c0a-be59-72933e8fab41.jpg 1024w\" sizes=\"auto, (max-width: 369px) 100vw, 369px\" \/>Entonces, sum\u00f3 Fontecilla, \u201ces s\u00faper importante empezar a tomar mayor conciencia con respecto a d\u00f3nde deben terminar estas pilas. Nosotros en esta alianza con todos los municipios de la provincia, y por eso es un hito sumamente importante, donde se re\u00fane toda la provincia de Chilo\u00e9 y nosotros hacer el transporte, el retiro de estas pilas y poder darle la disposici\u00f3n final que nosotros ah\u00ed la llevamos hasta la planta de Hidronor, que es una planta que est\u00e1 ubicada en la octava regi\u00f3n, en la comuna de Florida\u201d.<\/p>\n<p>El proceso realizado en dicha planta dice relaci\u00f3n con un encapsulamiento y entierro en cemento, para que no \u00a0entren en contacto con la tierra y no contaminen.<\/p>\n<p>Asimismo Saesa dispuso contenedores en oficinas comerciales, reuniendo otros \u00a0158 kilos que se van a sumar a este retiro masivo, que se espera se siga repitiendo con los colegios y las junta de vecinos en la comunidad que se puede acercar a la Dimao para la recolecci\u00f3n de las pilas y evitar que puedan ser desechadas a la basura o al medio ambiente.<\/p>\n<p>En tanto el meteor\u00f3logo de Canal 13, Gianfranco Marcone, quien tambi\u00e9n estuvo presente en esta culminaci\u00f3n, agradeciendo a la Municipalidad por la invitaci\u00f3n, se\u00f1al\u00f3 que esto es una excelente iniciativa, \u201ctodo el tratamiento de residuos es muy importante, pensando en que eso 396 kilos podr\u00edan haber sido basura y se podr\u00edan haber ido al mar o a un \u00a0basural. Las pilas producen un da\u00f1o s\u00faper grande, pueden demorarse 500 a\u00f1os en degradarse y emitir l\u00edquidos que da\u00f1an las playas, las cuencas de agua\u201d, finaliz\u00f3.<\/p>\n","protected":false},"excerpt":{"rendered":"<p>Cerca de 400 kilos fueron recaudados por Medio Ambiente Municipal, en conjunto con Saesa en la ciudad. En el Galp\u00f3n Circular, infraestructura de reciclaje de la direcci\u00f3n de Medio Ambiente, Aseo y Ornato (Dimao) de la municipalidad de Ancud, se hizo el cierre de la campa\u00f1a \u201cPonte Pila\u201d de recolecci\u00f3n de pilas usadas, llevada a [&hellip;]<\/p>\n","protected":false},"author":7,"featured_media":31003,"comment_status":"closed","ping_status":"closed","sticky":false,"template":"","format":"standard","meta":{"footnotes":""},"categories":[32,4],"tags":[],"class_list":["post-31002","post","type-post","status-publish","format-standard","has-post-thumbnail","hentry","category-medio-ambiente-aseo-y-ornato","category-sala-de-prensa"],"_links":{"self":[{"href":"https:\/\/www.muniancud.cl\/portal\/wp-json\/wp\/v2\/posts\/31002","targetHints":{"allow":["GET"]}}],"collection":[{"href":"https:\/\/www.muniancud.cl\/portal\/wp-json\/wp\/v2\/posts"}],"about":[{"href":"https:\/\/www.muniancud.cl\/portal\/wp-json\/wp\/v2\/types\/post"}],"author":[{"embeddable":true,"href":"https:\/\/www.muniancud.cl\/portal\/wp-json\/wp\/v2\/users\/7"}],"replies":[{"embeddable":true,"href":"https:\/\/www.muniancud.cl\/portal\/wp-json\/wp\/v2\/comments?post=31002"}],"version-history":[{"count":1,"href":"https:\/\/www.muniancud.cl\/portal\/wp-json\/wp\/v2\/posts\/31002\/revisions"}],"predecessor-version":[{"id":31005,"href":"https:\/\/www.muniancud.cl\/portal\/wp-json\/wp\/v2\/posts\/31002\/revisions\/31005"}],"wp:featuredmedia":[{"embeddable":true,"href":"https:\/\/www.muniancud.cl\/portal\/wp-json\/wp\/v2\/media\/31003"}],"wp:attachment":[{"href":"https:\/\/www.muniancud.cl\/portal\/wp-json\/wp\/v2\/media?parent=31002"}],"wp:term":[{"taxonomy":"category","embeddable":true,"href":"https:\/\/www.muniancud.cl\/portal\/wp-json\/wp\/v2\/categories?post=31002"},{"taxonomy":"post_tag","embeddable":true,"href":"https:\/\/www.muniancud.cl\/portal\/wp-json\/wp\/v2\/tags?post=31002"}],"curies":[{"name":"wp","href":"https:\/\/api.w.org\/{rel}","templated":true}]}}