{"id":31009,"date":"2022-08-29T17:37:22","date_gmt":"2022-08-29T21:37:22","guid":{"rendered":"https:\/\/www.muniancud.cl\/portal\/?p=31009"},"modified":"2022-08-29T17:37:22","modified_gmt":"2022-08-29T21:37:22","slug":"ancud-cambios-en-los-locales-de-votacion-para-el-plebiscito-del-4-de-septiembre","status":"publish","type":"post","link":"https:\/\/www.muniancud.cl\/portal\/ancud-cambios-en-los-locales-de-votacion-para-el-plebiscito-del-4-de-septiembre\/","title":{"rendered":"Ancud: cambios en los locales de votaci\u00f3n para el plebiscito del 4 de septiembre"},"content":{"rendered":"<p>Ya se encuentra encaminada la habilitaci\u00f3n y adecuaci\u00f3n de los locales de votaci\u00f3n en la comuna de Ancud, para este d\u00eda domingo, en que se decidir\u00e1 si la propuesta de nueva Constituci\u00f3n chilena, presentada el pasado 4 de julio, en el Congreso de la Rep\u00fablica ser\u00e1 refrendada por la ciudadan\u00eda.<\/p>\n<p>En esta oportunidad, se han verificado una serie de cambios en los lugares en los cuales los vecinos y vecinas ancuditanos deber\u00e1n ejercer su derecho y deber de sufragar, ya que en el caso de esta elecci\u00f3n el voto es obligatorio.<\/p>\n<p>Es as\u00ed que, seg\u00fan lo informado por el Encargado Territorial de las Elecciones, Julio Bahamonde, \u201chay una serie de cambios, principalmente con respecto a los locales de votaci\u00f3n. Hoy d\u00eda los locales de votaci\u00f3n no son los mismos de siempre, se mantiene el Liceo Domingo Espi\u00f1eira, que hoy d\u00eda es El Polivalente con dos grupos de mesas, una con 15 mesas y otro con 10 mesas\u201d.<\/p>\n<p><img loading=\"lazy\" decoding=\"async\" class=\" wp-image-31012 alignright\" src=\"https:\/\/www.muniancud.cl\/portal\/wp-content\/uploads\/2022\/08\/ESCUELACHACAO-300x169.jpg\" alt=\"\" width=\"453\" height=\"255\" srcset=\"https:\/\/www.muniancud.cl\/portal\/wp-content\/uploads\/2022\/08\/ESCUELACHACAO-300x169.jpg 300w, https:\/\/www.muniancud.cl\/portal\/wp-content\/uploads\/2022\/08\/ESCUELACHACAO-1024x575.jpg 1024w, https:\/\/www.muniancud.cl\/portal\/wp-content\/uploads\/2022\/08\/ESCUELACHACAO-768x432.jpg 768w, https:\/\/www.muniancud.cl\/portal\/wp-content\/uploads\/2022\/08\/ESCUELACHACAO-1536x863.jpg 1536w, https:\/\/www.muniancud.cl\/portal\/wp-content\/uploads\/2022\/08\/ESCUELACHACAO-696x391.jpg 696w, https:\/\/www.muniancud.cl\/portal\/wp-content\/uploads\/2022\/08\/ESCUELACHACAO-1068x600.jpg 1068w, https:\/\/www.muniancud.cl\/portal\/wp-content\/uploads\/2022\/08\/ESCUELACHACAO-747x420.jpg 747w, https:\/\/www.muniancud.cl\/portal\/wp-content\/uploads\/2022\/08\/ESCUELACHACAO.jpg 1600w\" sizes=\"auto, (max-width: 453px) 100vw, 453px\" \/>Asimismo, el funcionario sum\u00f3 que se agregaron \u201cla Escuela Pudeto y la Escuela Yerbas Buenas y se agreg\u00f3 la escuela de F\u00e1tima y se mantiene la Escuela Sol del Pac\u00edfico de Pilluco, como tambi\u00e9n la escuela de Chacao\u201d, refiri\u00e9ndose a los establecimientos en zonas rurales que se mantienen como centros de votaci\u00f3n, destacando el retorno del Liceo Bicentenario, con una cantidad de mesas importantes en este proceso eleccionario.<\/p>\n<p>De la misma forma, destac\u00f3 que otro cambio en la mec\u00e1nica de funcionamiento en estas votaciones tiene que ver con la concentraci\u00f3n de mesas en cada lugar. \u201cAhora, la cantidad de mesas se redujo, hoy d\u00eda tenemos menos mesas que las votaciones habituales, sin embargo, cada mesa tiene una mayor cantidad de votantes\u201d.<\/p>\n<p><img loading=\"lazy\" decoding=\"async\" class=\" wp-image-31013 alignleft\" src=\"https:\/\/www.muniancud.cl\/portal\/wp-content\/uploads\/2022\/08\/SOLDELPACIFICO-300x139.jpg\" alt=\"\" width=\"425\" height=\"197\" srcset=\"https:\/\/www.muniancud.cl\/portal\/wp-content\/uploads\/2022\/08\/SOLDELPACIFICO-300x139.jpg 300w, https:\/\/www.muniancud.cl\/portal\/wp-content\/uploads\/2022\/08\/SOLDELPACIFICO-1024x474.jpg 1024w, https:\/\/www.muniancud.cl\/portal\/wp-content\/uploads\/2022\/08\/SOLDELPACIFICO-768x355.jpg 768w, https:\/\/www.muniancud.cl\/portal\/wp-content\/uploads\/2022\/08\/SOLDELPACIFICO-1536x710.jpg 1536w, https:\/\/www.muniancud.cl\/portal\/wp-content\/uploads\/2022\/08\/SOLDELPACIFICO-696x322.jpg 696w, https:\/\/www.muniancud.cl\/portal\/wp-content\/uploads\/2022\/08\/SOLDELPACIFICO-1068x494.jpg 1068w, https:\/\/www.muniancud.cl\/portal\/wp-content\/uploads\/2022\/08\/SOLDELPACIFICO-908x420.jpg 908w, https:\/\/www.muniancud.cl\/portal\/wp-content\/uploads\/2022\/08\/SOLDELPACIFICO.jpg 1600w\" sizes=\"auto, (max-width: 425px) 100vw, 425px\" \/>En tanto, en la p\u00e1gina web del Ministerio de Transportes y Telecomunicaciones, (<a href=\"http:\/\/www.mtt.gob.cl\/wp-content\/uploads\/2022\/08\/LosLagosPlebiscito.pdf\">www.mtt.gob.cl\/wp-content\/uploads\/2022\/08\/LosLagosPlebiscito.pdf<\/a>), se encuentra disponible el listado de recorridos de los buses de locomoci\u00f3n colectiva gratuita, dispuestos por el gobierno, con sus horarios respectivos de ida a los locales de votaci\u00f3n y retorno a los sectores rurales, totalizando 17 rutas.<\/p>\n<p>Es importante que antes de dirigirse a su lugar de sufragio revisar en el sitio web del Servicio Electoral, Servel (<a href=\"http:\/\/www.servel.cl\">www.servel.cl<\/a>), para confirmar si no ha sufrido alguna modificaci\u00f3n.<\/p>\n<p>El horario en que parte la votaci\u00f3n es a las 8 de la ma\u00f1ana y las mesas se mantendr\u00e1n abiertas hasta las 18 horas, cerrando las mesas y finalizando el proceso tal cual como corresponde a todos acto eleccionario.<\/p>\n<p>&nbsp;<\/p>\n","protected":false},"excerpt":{"rendered":"<p>Ya se encuentra encaminada la habilitaci\u00f3n y adecuaci\u00f3n de los locales de votaci\u00f3n en la comuna de Ancud, para este d\u00eda domingo, en que se decidir\u00e1 si la propuesta de nueva Constituci\u00f3n chilena, presentada el pasado 4 de julio, en el Congreso de la Rep\u00fablica ser\u00e1 refrendada por la ciudadan\u00eda. En esta oportunidad, se han [&hellip;]<\/p>\n","protected":false},"author":7,"featured_media":31011,"comment_status":"closed","ping_status":"closed","sticky":false,"template":"","format":"standard","meta":{"footnotes":""},"categories":[4],"tags":[],"class_list":["post-31009","post","type-post","status-publish","format-standard","has-post-thumbnail","hentry","category-sala-de-prensa"],"_links":{"self":[{"href":"https:\/\/www.muniancud.cl\/portal\/wp-json\/wp\/v2\/posts\/31009","targetHints":{"allow":["GET"]}}],"collection":[{"href":"https:\/\/www.muniancud.cl\/portal\/wp-json\/wp\/v2\/posts"}],"about":[{"href":"https:\/\/www.muniancud.cl\/portal\/wp-json\/wp\/v2\/types\/post"}],"author":[{"embeddable":true,"href":"https:\/\/www.muniancud.cl\/portal\/wp-json\/wp\/v2\/users\/7"}],"replies":[{"embeddable":true,"href":"https:\/\/www.muniancud.cl\/portal\/wp-json\/wp\/v2\/comments?post=31009"}],"version-history":[{"count":1,"href":"https:\/\/www.muniancud.cl\/portal\/wp-json\/wp\/v2\/posts\/31009\/revisions"}],"predecessor-version":[{"id":31014,"href":"https:\/\/www.muniancud.cl\/portal\/wp-json\/wp\/v2\/posts\/31009\/revisions\/31014"}],"wp:featuredmedia":[{"embeddable":true,"href":"https:\/\/www.muniancud.cl\/portal\/wp-json\/wp\/v2\/media\/31011"}],"wp:attachment":[{"href":"https:\/\/www.muniancud.cl\/portal\/wp-json\/wp\/v2\/media?parent=31009"}],"wp:term":[{"taxonomy":"category","embeddable":true,"href":"https:\/\/www.muniancud.cl\/portal\/wp-json\/wp\/v2\/categories?post=31009"},{"taxonomy":"post_tag","embeddable":true,"href":"https:\/\/www.muniancud.cl\/portal\/wp-json\/wp\/v2\/tags?post=31009"}],"curies":[{"name":"wp","href":"https:\/\/api.w.org\/{rel}","templated":true}]}}