{"id":32624,"date":"2023-10-24T15:53:53","date_gmt":"2023-10-24T18:53:53","guid":{"rendered":"https:\/\/www.muniancud.cl\/portal\/?p=32624"},"modified":"2023-10-24T15:53:53","modified_gmt":"2023-10-24T18:53:53","slug":"corporacion-busca-soluciones-a-trabajadores-sin-remuneraciones","status":"publish","type":"post","link":"https:\/\/www.muniancud.cl\/portal\/corporacion-busca-soluciones-a-trabajadores-sin-remuneraciones\/","title":{"rendered":"Corporaci\u00f3n Municipal busca soluciones a trabajadores sin remuneraciones"},"content":{"rendered":"<p data-reader-unique-id=\"3\">Con demandas en el \u00e1mbito laboral en contra del administrador provisional, adem\u00e1s de otras acciones, la Corporaci\u00f3n Municipal de Educaci\u00f3n, Salud y Atenci\u00f3n al Menor de Ancud anunci\u00f3 que contin\u00faa \u00abbuscando soluciones\u00bb al problema que aqueja a 34 trabajadores de la instrucci\u00f3n local, quienes por razones de car\u00e1cter administrativo no han sido reconocidos por la figura de este personero designado por la Superintendencia de Educaci\u00f3n ante la grave crisis que afecta a la ense\u00f1anza p\u00fablica local.<\/p>\n<p data-reader-unique-id=\"4\">Se trata espec\u00edficamente de un grupo compuesto por 4 profesores y 30 paradocentes que no han recibido sus remuneraciones desde agosto de este a\u00f1o. Al respecto, el alcalde Carlos G\u00f3mez Miranda, en sesi\u00f3n Ordinaria de Concejo Municipal, coment\u00f3 que si bien hay litigios en marcha, ser\u00e1 el municipio el que por ahora se har\u00e1 cargo de lo adeudado, con todo lo que ello implica.<\/p>\n<p data-reader-unique-id=\"5\">\u00abHab\u00edamos presentado una demanda laboral en contra del AP por el no reconocimiento de los funcionarios y funcionarias, de la totalidad. No \u00edbamos a esperar el resultado de la demanda laboral, \u00edbamos a enfrentar nosotros como municipalidad, a trav\u00e9s de la corporaci\u00f3n, el pago de las remuneraciones de los meses adeudados y hasta el mes de febrero\u00bb venidero, apunt\u00f3 el jefe comunal.<\/p>\n<p data-reader-unique-id=\"8\">G\u00f3mez expuso ayer en la sesi\u00f3n del Concejo Municipal de Ancud que \u00abentendemos todos de que una demanda no sale en un corto tiempo, pero estando hechos los recursos que nos corresponden judicialmente, nosotros podemos dar un cumplimiento a esos pagos, entendiendo de que son trabajadores de la comuna y despu\u00e9s ser\u00e1n los tribunales que determinan si le correspond\u00eda pagar al AP o nos correspond\u00eda a pagar a nosotros como corporaci\u00f3n de educaci\u00f3n\u00bb.<\/p>\n<p data-reader-unique-id=\"9\">El tambi\u00e9n presidente de esta \u00faltima entidad adjunt\u00f3 que \u00absi nosotros pagamos y le correspond\u00eda al AP, haremos los recursos jur\u00eddicos necesarios para que el AP pueda devolver esos recursos a la corporaci\u00f3n y, por ende, a la municipalidad; por lo tanto, all\u00ed hay una soluci\u00f3n ya concreta\u00bb.<\/p>\n<p data-reader-unique-id=\"9\">Fuente: La Estrella de Chilo\u00e9<\/p>\n","protected":false},"excerpt":{"rendered":"<p>Con demandas en el \u00e1mbito laboral en contra del administrador provisional, adem\u00e1s de otras acciones, la Corporaci\u00f3n Municipal de Educaci\u00f3n, Salud y Atenci\u00f3n al Menor de Ancud anunci\u00f3 que contin\u00faa \u00abbuscando soluciones\u00bb al problema que aqueja a 34 trabajadores de la instrucci\u00f3n local, quienes por razones de car\u00e1cter administrativo no han sido reconocidos por la [&hellip;]<\/p>\n","protected":false},"author":7,"featured_media":32627,"comment_status":"closed","ping_status":"closed","sticky":false,"template":"","format":"standard","meta":{"footnotes":""},"categories":[25,4],"tags":[],"class_list":["post-32624","post","type-post","status-publish","format-standard","has-post-thumbnail","hentry","category-educacion","category-sala-de-prensa"],"_links":{"self":[{"href":"https:\/\/www.muniancud.cl\/portal\/wp-json\/wp\/v2\/posts\/32624","targetHints":{"allow":["GET"]}}],"collection":[{"href":"https:\/\/www.muniancud.cl\/portal\/wp-json\/wp\/v2\/posts"}],"about":[{"href":"https:\/\/www.muniancud.cl\/portal\/wp-json\/wp\/v2\/types\/post"}],"author":[{"embeddable":true,"href":"https:\/\/www.muniancud.cl\/portal\/wp-json\/wp\/v2\/users\/7"}],"replies":[{"embeddable":true,"href":"https:\/\/www.muniancud.cl\/portal\/wp-json\/wp\/v2\/comments?post=32624"}],"version-history":[{"count":1,"href":"https:\/\/www.muniancud.cl\/portal\/wp-json\/wp\/v2\/posts\/32624\/revisions"}],"predecessor-version":[{"id":32628,"href":"https:\/\/www.muniancud.cl\/portal\/wp-json\/wp\/v2\/posts\/32624\/revisions\/32628"}],"wp:featuredmedia":[{"embeddable":true,"href":"https:\/\/www.muniancud.cl\/portal\/wp-json\/wp\/v2\/media\/32627"}],"wp:attachment":[{"href":"https:\/\/www.muniancud.cl\/portal\/wp-json\/wp\/v2\/media?parent=32624"}],"wp:term":[{"taxonomy":"category","embeddable":true,"href":"https:\/\/www.muniancud.cl\/portal\/wp-json\/wp\/v2\/categories?post=32624"},{"taxonomy":"post_tag","embeddable":true,"href":"https:\/\/www.muniancud.cl\/portal\/wp-json\/wp\/v2\/tags?post=32624"}],"curies":[{"name":"wp","href":"https:\/\/api.w.org\/{rel}","templated":true}]}}