{"id":32997,"date":"2024-01-13T11:16:25","date_gmt":"2024-01-13T14:16:25","guid":{"rendered":"https:\/\/www.muniancud.cl\/portal\/?p=32997"},"modified":"2024-01-16T12:52:09","modified_gmt":"2024-01-16T15:52:09","slug":"los-costumbristas-llenan-de-fiesta-la-comuna","status":"publish","type":"post","link":"https:\/\/www.muniancud.cl\/portal\/los-costumbristas-llenan-de-fiesta-la-comuna\/","title":{"rendered":"Los costumbristas llenan de fiesta la comuna"},"content":{"rendered":"<div dir=\"auto\">En los dias veraniegos, especialmente los fines de semana, es cuando la comuna de Ancud se llena de m\u00fasica, alegr\u00eda, colores y rica comida t\u00edpica de nuestro archipi\u00e9lago.<\/div>\n<div dir=\"auto\">Y durante este fin de semana la t\u00f3nica no fue distinta en diversos sectores, tanto rurales como en el parque Bellavista, epicentro de la actividades costumbrista es la zona urbana.<\/div>\n<div dir=\"auto\"><img loading=\"lazy\" decoding=\"async\" class=\" wp-image-33002 alignright\" src=\"https:\/\/www.muniancud.cl\/portal\/wp-content\/uploads\/2024\/01\/419777610_797651532408873_3396056391863568639_n-300x169.jpg\" alt=\"\" width=\"350\" height=\"197\" srcset=\"https:\/\/www.muniancud.cl\/portal\/wp-content\/uploads\/2024\/01\/419777610_797651532408873_3396056391863568639_n-300x169.jpg 300w, https:\/\/www.muniancud.cl\/portal\/wp-content\/uploads\/2024\/01\/419777610_797651532408873_3396056391863568639_n-1024x576.jpg 1024w, https:\/\/www.muniancud.cl\/portal\/wp-content\/uploads\/2024\/01\/419777610_797651532408873_3396056391863568639_n-768x432.jpg 768w, https:\/\/www.muniancud.cl\/portal\/wp-content\/uploads\/2024\/01\/419777610_797651532408873_3396056391863568639_n-1536x864.jpg 1536w, https:\/\/www.muniancud.cl\/portal\/wp-content\/uploads\/2024\/01\/419777610_797651532408873_3396056391863568639_n-696x392.jpg 696w, https:\/\/www.muniancud.cl\/portal\/wp-content\/uploads\/2024\/01\/419777610_797651532408873_3396056391863568639_n-1068x601.jpg 1068w, https:\/\/www.muniancud.cl\/portal\/wp-content\/uploads\/2024\/01\/419777610_797651532408873_3396056391863568639_n-747x420.jpg 747w, https:\/\/www.muniancud.cl\/portal\/wp-content\/uploads\/2024\/01\/419777610_797651532408873_3396056391863568639_n-1920x1080.jpg 1920w, https:\/\/www.muniancud.cl\/portal\/wp-content\/uploads\/2024\/01\/419777610_797651532408873_3396056391863568639_n.jpg 2048w\" sizes=\"auto, (max-width: 350px) 100vw, 350px\" \/>Durante el s\u00e1bado, se inaugur\u00f3 la Fiesta Costumbrista de las Dunas de Guab\u00fan, con la presencia del alcalde de la comuna, Carlos G\u00f3mez Miranda y los concejales Andr\u00e9s Iba\u00f1ez y Rub\u00e9n Gonzalez, se dio el inicio a esta tradicional fiesta, que por 22 a\u00f1os organizan con gran esfuerzo y \u00e9xito los vecinos y vecinas de este sector rural de Ancud.<\/div>\n<div dir=\"auto\">Est\u00e1n todos invitados a disfrutar de la gastronom\u00eda y tradiciones de nuestra tierra.<\/div>\n<div dir=\"auto\"><\/div>\n<div dir=\"auto\"><img loading=\"lazy\" decoding=\"async\" class=\" wp-image-33001 alignleft\" src=\"https:\/\/www.muniancud.cl\/portal\/wp-content\/uploads\/2024\/01\/418538140_797693165738043_6459829670354534079_n-300x169.jpg\" alt=\"\" width=\"369\" height=\"208\" srcset=\"https:\/\/www.muniancud.cl\/portal\/wp-content\/uploads\/2024\/01\/418538140_797693165738043_6459829670354534079_n-300x169.jpg 300w, https:\/\/www.muniancud.cl\/portal\/wp-content\/uploads\/2024\/01\/418538140_797693165738043_6459829670354534079_n-768x432.jpg 768w, https:\/\/www.muniancud.cl\/portal\/wp-content\/uploads\/2024\/01\/418538140_797693165738043_6459829670354534079_n-696x392.jpg 696w, https:\/\/www.muniancud.cl\/portal\/wp-content\/uploads\/2024\/01\/418538140_797693165738043_6459829670354534079_n-747x420.jpg 747w, https:\/\/www.muniancud.cl\/portal\/wp-content\/uploads\/2024\/01\/418538140_797693165738043_6459829670354534079_n.jpg 960w\" sizes=\"auto, (max-width: 369px) 100vw, 369px\" \/>En Pugue\u00f1\u00fan Pihuio, tambi\u00e9n en jornada sabatina se inici\u00f3 el Costumbrista \u201cLos Carboneros de Pugue\u00f1\u00fan\u201d, otra de las tradicionales de fiestas de nuestra comuna. Con la participaci\u00f3n del Alcalde de Ancud, se realiz\u00f3 la actuaci\u00f3n de la agrupaci\u00f3n art\u00edstica de adultos mayores \u201cMar y Tierra\u201d dando el punta pi\u00e9 inicial a\u00a0 \u00a0esta actividad que se desarrolla hasta el d\u00eda\u00a0 domingo.<\/div>\n<div dir=\"auto\"><\/div>\n<div dir=\"auto\">El sector de Manao tambi\u00e9n inaugur\u00f3 su Fiesta Costumbrista. Con la presencia del Alcalde Carlos G\u00f3mez Miranda, los concejales Pedro Naguil y Andr\u00e9s Iba\u00f1ez se realiz\u00f3 el acto oficial de inicio, con la participaci\u00f3n de alumnos de la escuela del sector que presentaron sus bailes t\u00edpicos para darle mayor realce a la actividad, que se mantendr\u00e1 con m\u00fasica y gastronom\u00eda.<img loading=\"lazy\" decoding=\"async\" class=\" wp-image-33000 alignright\" src=\"https:\/\/www.muniancud.cl\/portal\/wp-content\/uploads\/2024\/01\/418499446_797753502398676_1086812955676385425_n-300x169.jpg\" alt=\"\" width=\"385\" height=\"217\" srcset=\"https:\/\/www.muniancud.cl\/portal\/wp-content\/uploads\/2024\/01\/418499446_797753502398676_1086812955676385425_n-300x169.jpg 300w, https:\/\/www.muniancud.cl\/portal\/wp-content\/uploads\/2024\/01\/418499446_797753502398676_1086812955676385425_n-768x432.jpg 768w, https:\/\/www.muniancud.cl\/portal\/wp-content\/uploads\/2024\/01\/418499446_797753502398676_1086812955676385425_n-696x392.jpg 696w, https:\/\/www.muniancud.cl\/portal\/wp-content\/uploads\/2024\/01\/418499446_797753502398676_1086812955676385425_n-747x420.jpg 747w, https:\/\/www.muniancud.cl\/portal\/wp-content\/uploads\/2024\/01\/418499446_797753502398676_1086812955676385425_n.jpg 960w\" sizes=\"auto, (max-width: 385px) 100vw, 385px\" \/><\/div>\n<div dir=\"auto\"><\/div>\n<div dir=\"auto\">\n<div dir=\"auto\">asimismo, con multitudinaria participaci\u00f3n de vecinos y vecinas que acudieron al llamado de la solidaridad, se desarrolla la Fiesta Costumbrista por Tom\u00e1s Ross, en el Parque Municipal Bellavista.<\/div>\n<div dir=\"auto\"><\/div>\n<div dir=\"auto\">Todo Ancud se une para llegar a la meta de $3.500 millones que le permitir\u00e1 a Tom\u00e1s obtener el medicamento que detendr\u00e1 el avance de su enfermedad, Distrofia Muscular de Duchenne.<\/div>\n<\/div>\n","protected":false},"excerpt":{"rendered":"<p>En los dias veraniegos, especialmente los fines de semana, es cuando la comuna de Ancud se llena de m\u00fasica, alegr\u00eda, colores y rica comida t\u00edpica de nuestro archipi\u00e9lago. Y durante este fin de semana la t\u00f3nica no fue distinta en diversos sectores, tanto rurales como en el parque Bellavista, epicentro de la actividades costumbrista es [&hellip;]<\/p>\n","protected":false},"author":7,"featured_media":32999,"comment_status":"closed","ping_status":"closed","sticky":false,"template":"","format":"standard","meta":{"footnotes":""},"categories":[1],"tags":[],"class_list":["post-32997","post","type-post","status-publish","format-standard","has-post-thumbnail","hentry","category-sin-categoria"],"_links":{"self":[{"href":"https:\/\/www.muniancud.cl\/portal\/wp-json\/wp\/v2\/posts\/32997","targetHints":{"allow":["GET"]}}],"collection":[{"href":"https:\/\/www.muniancud.cl\/portal\/wp-json\/wp\/v2\/posts"}],"about":[{"href":"https:\/\/www.muniancud.cl\/portal\/wp-json\/wp\/v2\/types\/post"}],"author":[{"embeddable":true,"href":"https:\/\/www.muniancud.cl\/portal\/wp-json\/wp\/v2\/users\/7"}],"replies":[{"embeddable":true,"href":"https:\/\/www.muniancud.cl\/portal\/wp-json\/wp\/v2\/comments?post=32997"}],"version-history":[{"count":2,"href":"https:\/\/www.muniancud.cl\/portal\/wp-json\/wp\/v2\/posts\/32997\/revisions"}],"predecessor-version":[{"id":33004,"href":"https:\/\/www.muniancud.cl\/portal\/wp-json\/wp\/v2\/posts\/32997\/revisions\/33004"}],"wp:featuredmedia":[{"embeddable":true,"href":"https:\/\/www.muniancud.cl\/portal\/wp-json\/wp\/v2\/media\/32999"}],"wp:attachment":[{"href":"https:\/\/www.muniancud.cl\/portal\/wp-json\/wp\/v2\/media?parent=32997"}],"wp:term":[{"taxonomy":"category","embeddable":true,"href":"https:\/\/www.muniancud.cl\/portal\/wp-json\/wp\/v2\/categories?post=32997"},{"taxonomy":"post_tag","embeddable":true,"href":"https:\/\/www.muniancud.cl\/portal\/wp-json\/wp\/v2\/tags?post=32997"}],"curies":[{"name":"wp","href":"https:\/\/api.w.org\/{rel}","templated":true}]}}