{"id":34108,"date":"2024-10-21T17:00:50","date_gmt":"2024-10-21T20:00:50","guid":{"rendered":"https:\/\/www.muniancud.cl\/portal\/?p=34108"},"modified":"2024-11-13T21:30:35","modified_gmt":"2024-11-14T00:30:35","slug":"concurso-publico-1-cargo-profesional-grado-11-ems","status":"publish","type":"post","link":"https:\/\/www.muniancud.cl\/portal\/concurso-publico-1-cargo-profesional-grado-11-ems\/","title":{"rendered":"Concurso P\u00fablico \u2013 1 Cargo Profesional Grado 11\u00b0 EMS"},"content":{"rendered":"<div class=\"wpb-content-wrapper\"><p>[vc_row][vc_column][vc_message message_box_style=\u00bbsolid\u00bb message_box_color=\u00bbjuicy_pink\u00bb css=\u00bb\u00bb]Estado del Concurso: Finalizado[\/vc_message][vc_column_text css=\u00bb\u00bb]La Municipalidad de Ancud, llama a concurso p\u00fablico de antecedentes para la provisi\u00f3n del cargo de <strong>planta<\/strong>\u00a0de personal de este municipio que a continuaci\u00f3n se individualiza.<\/p>\n<ul class=\"td-arrow-list\">\n<li><strong>N\u00b0 de cargos :<\/strong> 1 (Uno)<\/li>\n<li><strong>Perfil : <\/strong>Profesional<\/li>\n<li><strong>Jornada :<\/strong> Completa<\/li>\n<li><strong>Grado :<\/strong> Grado 11 de la E.M.S<\/li>\n<li><strong>Calidad :<\/strong> Planta.<\/li>\n<\/ul>\n<p>[\/vc_column_text][vc_message message_box_style=\u00bbsolid\u00bb icon_fontawesome=\u00bbfas fa-question-circle\u00bb]<strong>CONSULTAS: <\/strong>Directamente en el Departamento de Gesti\u00f3n de Personas, a trav\u00e9s del correo adriana.yanez@muniancud.cl.[\/vc_message][vc_message message_box_style=\u00bbsolid\u00bb message_box_color=\u00bbwarning\u00bb icon_fontawesome=\u00bbfas fa-calendar-alt\u00bb css=\u00bb\u00bb]<strong>RECEPCI\u00d3N DE ANTECEDENTES: <\/strong>Desde el d\u00eda <strong>21\/10\/2024 hasta 30\/10\/2024<\/strong>, en Oficina de Partes de la I. Municipalidad de Ancud, ubicada en Blanco Encalada N\u00b0 660, primer piso, en d\u00edas h\u00e1biles de Lunes a Jueves, en horario de 08:00 a 17:15 horas, y Viernes, de 08.00 a 16:15 horas. Expirado el plazo de recepci\u00f3n de antecedentes, no se recibir\u00e1 ninguna postulaci\u00f3n.[\/vc_message]<div class=\"td_block_wrap td_block_text_with_title td_uid_1_69f21bfef26e8_rand td-pb-border-top td_block_template_8\"  data-td-block-uid=\"td_uid_1_69f21bfef26e8\" ><div class=\"td-block-title-wrap\"><h4 class=\"td-block-title\"><span>Descarga de Documentos<\/span><\/h4><\/div><div class=\"td_mod_wrap td-fix-index\"><\/div><\/div>[vc_tta_accordion style=\u00bbflat\u00bb c_icon=\u00bbchevron\u00bb active_section=\u00bb3&#8243;][vc_tta_section title=\u00bbLlamado a Concurso P\u00fablico\u00bb tab_id=\u00bb1569501348920-7ae695ac-932abfc9-bf4ffa72-e2f7&#8243;][vc_btn title=\u00bbBases del Concurso P\u00fablico\u00bb style=\u00bbflat\u00bb color=\u00bbprimary\u00bb align=\u00bbleft\u00bb i_icon_fontawesome=\u00bbfas fa-cloud-download-alt\u00bb css=\u00bb\u00bb button_block=\u00bbtrue\u00bb add_icon=\u00bbtrue\u00bb link=\u00bburl:https%3A%2F%2Fwww.muniancud.cl%2Fportal%2Fwp-content%2Fuploads%2F2024%2F10%2FBASES-CARGO-PROFESIONAL-GRADO-11-EMS_.pdf|target:_blank\u00bb][vc_btn title=\u00bbDecreto Alcaldicio 438 &#8211; Llama a concurso\u00bb style=\u00bbflat\u00bb color=\u00bbprimary\u00bb align=\u00bbleft\u00bb i_icon_fontawesome=\u00bbfas fa-cloud-download-alt\u00bb css=\u00bb\u00bb button_block=\u00bbtrue\u00bb add_icon=\u00bbtrue\u00bb link=\u00bburl:https%3A%2F%2Fwww.muniancud.cl%2Fportal%2Fwp-content%2Fuploads%2F2024%2F10%2FDECRETO-ALCALDICIO-438-LLAMA-A-CONCURSO-CARGOS-PROFESIONALES-11-Y-12-EMS_.pdf|target:_blank\u00bb][vc_btn title=\u00bbDecreto Alcaldicio 439 &#8211; Aprueba Bases\u00bb style=\u00bbflat\u00bb color=\u00bbprimary\u00bb align=\u00bbleft\u00bb i_icon_fontawesome=\u00bbfas fa-cloud-download-alt\u00bb css=\u00bb\u00bb button_block=\u00bbtrue\u00bb add_icon=\u00bbtrue\u00bb link=\u00bburl:https%3A%2F%2Fwww.muniancud.cl%2Fportal%2Fwp-content%2Fuploads%2F2024%2F10%2FDECRETO-ALCALDICIO-439-APRUEBA-BASES-CONCURSO-CARGOS-PROFESIONALES-11-Y-12-EMS_.pdf|target:_blank\u00bb][vc_btn title=\u00bbFormatos Declaraciones\u00bb style=\u00bbflat\u00bb color=\u00bbprimary\u00bb align=\u00bbleft\u00bb i_icon_fontawesome=\u00bbfas fa-cloud-download-alt\u00bb css=\u00bb\u00bb button_block=\u00bbtrue\u00bb add_icon=\u00bbtrue\u00bb link=\u00bburl:https%3A%2F%2Fwww.muniancud.cl%2Fportal%2Fwp-content%2Fuploads%2F2024%2F10%2FFORMATOS-DECLARACIONES-1.docx|target:_blank\u00bb][\/vc_tta_section][vc_tta_section title=\u00bbEtapa Entrevista\u00bb tab_id=\u00bb1642013617312-1f2aea9d-7a0bbfc9-bf4ffa72-e2f7&#8243;][vc_row_inner][vc_column_inner][vc_btn title=\u00bbConvocatoria a Entrevistas\u00bb style=\u00bbflat\u00bb color=\u00bbprimary\u00bb align=\u00bbleft\u00bb i_icon_fontawesome=\u00bbfas fa-cloud-download-alt\u00bb css=\u00bb\u00bb button_block=\u00bbtrue\u00bb add_icon=\u00bbtrue\u00bb link=\u00bburl:https%3A%2F%2Fwww.muniancud.cl%2Fportal%2Fwp-content%2Fuploads%2F2024%2F11%2FCONVOCATORIA-A-ENTREVISTAS-CONCURSO-PROFESIONALES-11-Y-12-EMS-2024.pdf|target:_blank\u00bb][\/vc_column_inner][\/vc_row_inner][\/vc_tta_section][vc_tta_section title=\u00bbResultado\u00bb tab_id=\u00bb1642507900820-ec839523-7e7bbfc9-bf4ffa72-e2f7&#8243;][vc_row_inner][vc_column_inner][vc_btn title=\u00bbDecreto EXT 3319 &#8211; Rectifica acta de evaluaci\u00f3n y de resultado\u00bb style=\u00bbflat\u00bb color=\u00bbprimary\u00bb align=\u00bbleft\u00bb i_icon_fontawesome=\u00bbfas fa-cloud-download-alt\u00bb css=\u00bb\u00bb button_block=\u00bbtrue\u00bb add_icon=\u00bbtrue\u00bb link=\u00bburl:https%3A%2F%2Fwww.muniancud.cl%2Fportal%2Fwp-content%2Fuploads%2F2024%2F11%2FDECRETO-RECTIFICA-ACTA-DE-EVALUACION-Y-DE-RESULTADO-CONCURSO-PUBLICO-PROFESIONALES-11-Y-12-EMS.-Y-RATIFICA-DESIGNACION-REALIZADA.pdf|target:_blank\u00bb][vc_btn title=\u00bbActa Rectificatorio y de Resultado\u00bb style=\u00bbflat\u00bb color=\u00bbprimary\u00bb align=\u00bbleft\u00bb i_icon_fontawesome=\u00bbfas fa-cloud-download-alt\u00bb css=\u00bb\u00bb button_block=\u00bbtrue\u00bb add_icon=\u00bbtrue\u00bb link=\u00bburl:https%3A%2F%2Fwww.muniancud.cl%2Fportal%2Fwp-content%2Fuploads%2F2024%2F11%2FACTA-RECTIFICATORIA-DE-RESULTADO-CONCURSO-PUBLICO-PROFESIONALES-11-Y-12-EMS_.pdf|target:_blank\u00bb][vc_btn title=\u00bbResultado y Actas\u00bb style=\u00bbflat\u00bb color=\u00bbprimary\u00bb align=\u00bbleft\u00bb i_icon_fontawesome=\u00bbfas fa-cloud-download-alt\u00bb css=\u00bb\u00bb button_block=\u00bbtrue\u00bb add_icon=\u00bbtrue\u00bb link=\u00bburl:https%3A%2F%2Fwww.muniancud.cl%2Fportal%2Fwp-content%2Fuploads%2F2024%2F11%2FRESULTADOS-CONCURSO-PROFESIONALES-11-Y-12.pdf|target:_blank\u00bb][\/vc_column_inner][\/vc_row_inner][\/vc_tta_section][\/vc_tta_accordion][\/vc_column][\/vc_row]<\/p>\n<\/div>","protected":false},"excerpt":{"rendered":"<p>[vc_row][vc_column][vc_message message_box_style=\u00bbsolid\u00bb message_box_color=\u00bbjuicy_pink\u00bb css=\u00bb\u00bb]Estado del Concurso: Finalizado[\/vc_message][vc_column_text css=\u00bb\u00bb]La Municipalidad de Ancud, llama a concurso p\u00fablico de antecedentes para la provisi\u00f3n del cargo de planta\u00a0de personal de este municipio que a continuaci\u00f3n se individualiza. N\u00b0 de cargos : 1 (Uno) Perfil : Profesional Jornada : Completa Grado : Grado 11 de la E.M.S Calidad : Planta. [&hellip;]<\/p>\n","protected":false},"author":1,"featured_media":23109,"comment_status":"closed","ping_status":"closed","sticky":false,"template":"","format":"standard","meta":{"footnotes":""},"categories":[16],"tags":[],"class_list":["post-34108","post","type-post","status-publish","format-standard","has-post-thumbnail","hentry","category-concursos-publicos"],"_links":{"self":[{"href":"https:\/\/www.muniancud.cl\/portal\/wp-json\/wp\/v2\/posts\/34108","targetHints":{"allow":["GET"]}}],"collection":[{"href":"https:\/\/www.muniancud.cl\/portal\/wp-json\/wp\/v2\/posts"}],"about":[{"href":"https:\/\/www.muniancud.cl\/portal\/wp-json\/wp\/v2\/types\/post"}],"author":[{"embeddable":true,"href":"https:\/\/www.muniancud.cl\/portal\/wp-json\/wp\/v2\/users\/1"}],"replies":[{"embeddable":true,"href":"https:\/\/www.muniancud.cl\/portal\/wp-json\/wp\/v2\/comments?post=34108"}],"version-history":[{"count":8,"href":"https:\/\/www.muniancud.cl\/portal\/wp-json\/wp\/v2\/posts\/34108\/revisions"}],"predecessor-version":[{"id":34172,"href":"https:\/\/www.muniancud.cl\/portal\/wp-json\/wp\/v2\/posts\/34108\/revisions\/34172"}],"wp:featuredmedia":[{"embeddable":true,"href":"https:\/\/www.muniancud.cl\/portal\/wp-json\/wp\/v2\/media\/23109"}],"wp:attachment":[{"href":"https:\/\/www.muniancud.cl\/portal\/wp-json\/wp\/v2\/media?parent=34108"}],"wp:term":[{"taxonomy":"category","embeddable":true,"href":"https:\/\/www.muniancud.cl\/portal\/wp-json\/wp\/v2\/categories?post=34108"},{"taxonomy":"post_tag","embeddable":true,"href":"https:\/\/www.muniancud.cl\/portal\/wp-json\/wp\/v2\/tags?post=34108"}],"curies":[{"name":"wp","href":"https:\/\/api.w.org\/{rel}","templated":true}]}}