{"id":34403,"date":"2024-12-22T17:16:34","date_gmt":"2024-12-22T20:16:34","guid":{"rendered":"https:\/\/www.muniancud.cl\/portal\/?p=34403"},"modified":"2025-01-02T17:19:23","modified_gmt":"2025-01-02T20:19:23","slug":"retiran-50-metros-cubicos-de-desechos-en-operativo-multisectorial-en-ancud","status":"publish","type":"post","link":"https:\/\/www.muniancud.cl\/portal\/retiran-50-metros-cubicos-de-desechos-en-operativo-multisectorial-en-ancud\/","title":{"rendered":"Retiran 50 metros c\u00fabicos de desechos en operativo multisectorial en Ancud"},"content":{"rendered":"<p class=\"subhead\" data-reader-unique-id=\"subheadElement\"><em><strong>La iniciativa busca proteger el Tranque Pudeto, donde un basural ha generado preocupaci\u00f3n entre vecinos. La iniciativa se busca extender al resto de la comuna.<\/strong><\/em><\/p>\n<p data-reader-unique-id=\"1\">En un operativo intersectorial realizado en las \u00faltimas horas, se retiraron cerca de 50 metros c\u00fabicos de desechos en la ladera que est\u00e1 al comienzo del camino a Lajas Blancas, cercana al nuevo Hospital de Ancud y al Tranque Pudeto. Una iniciativa que sirvi\u00f3 de puntapi\u00e9 para una protecci\u00f3n sostenida en la comuna.<\/p>\n<p data-reader-unique-id=\"4\">La limpieza fue coordinada entre el municipio local y la empresa Suralis, posibilitando el retiro de gran cantidad de residuos voluminosos, como colchones, electrodom\u00e9sticos, juguetes, neum\u00e1ticos y restos de materiales de construcci\u00f3n, lo que devela la escasa conciencia ambiental de la comunidad al momento de gestionar sus desechos s\u00f3lidos domiciliarios.<\/p>\n<p data-reader-unique-id=\"5\">Alfredo Caro, titular de la Direcci\u00f3n de Medio Ambiente, Aseo y Ornato (Dimao) del consistorio ancuditano, expres\u00f3 que la mayor\u00eda de la basura encontrada puede ser reciclada en los puntos que dispone el municipio.<\/p>\n<p data-reader-unique-id=\"6\">\u00abLa idea es poder visibilizar, hoy d\u00eda nos encontramos con gran cantidad de residuos en la quebrada. Es lamentable ver que la mayor\u00eda de estos residuos son domiciliarios y adem\u00e1s son valorizables\u00bb, explic\u00f3 el profesional.<\/p>\n<p data-reader-unique-id=\"7\">Agreg\u00f3 la fuente que \u00absi alguien lleg\u00f3 hasta ac\u00e1 con un veh\u00edculo a botar un colch\u00f3n, una lavadora, una bandeja, botellas, son todas cosas que en Ancud se pueden valorizar, se pueden reciclar, tenemos puntos limpios, puntos verdes y un galp\u00f3n de reciclaje. El llamado a la comunidad es a aprovechar esos lugares en vez de contaminar\u00bb.<\/p>\n<p data-reader-unique-id=\"8\">El dirigente vecinal H\u00e9ctor Altamirano, manifest\u00f3 su molestia ante los hallazgos en el lugar. \u00abEs impresentable lo que encontramos hoy d\u00eda. Los vecinos deben tomar conciencia y esto debe hacerse viral en redes sociales porque as\u00ed no podemos tener turismo\u00bb, aclar\u00f3.<\/p>\n<p data-reader-unique-id=\"9\">\u00abNo sacamos nada con hacer turismo y la primera impresi\u00f3n que se lleva el turista son microbasurales, as\u00ed no avanzamos\u00bb, enfatiz\u00f3 el l\u00edder social.<\/p>\n<h3 data-reader-unique-id=\"10\">Gremio<\/h3>\n<p data-reader-unique-id=\"11\">En tanto, el presidente de la C\u00e1mara de Comercio y Turismo de Ancud, Gast\u00f3n C\u00e1rcamo, llam\u00f3 a denunciar a las personas que sean sorprendidas botando basura en el sector.<\/p>\n<p data-reader-unique-id=\"12\">\u00abHacemos el llamado a cualquier poblador que vea pasar por fuera del hospital nuevo alg\u00fan veh\u00edculo que bote basura, tomar una foto de inmediato y hacer la denuncia, no podemos permitir que esto contin\u00fae, porque somos los mismos ancuditanos los que nos vemos perjudicados\u00bb, puntualiz\u00f3 el directivo.<\/p>\n<p data-reader-unique-id=\"13\">Asimismo, el presidente del Comit\u00e9 Medioambiental Comunal de Ancud, Gabriel Poehlmann, atribuy\u00f3 la presencia de residuos a la falta de conciencia ambiental.<\/p>\n<p data-reader-unique-id=\"14\">\u00abYo creo que es por un tema de desconocimiento y por falta de educaci\u00f3n ambiental y nosotros estamos aqu\u00ed para ver este trabajo de limpieza y dar un mensaje para que esto no se vuelva a repetir\u00bb, recalc\u00f3 la fuente.<\/p>\n<p data-reader-unique-id=\"15\">Igualmente, el subgerente del territorio sur de Suralis, Jorge Soto, manifest\u00f3 que se encontr\u00f3 m\u00e1s cantidad de basura que la proyectada, resaltando que el objetivo de la actividad era visibilizar esta problem\u00e1tica para encontrar soluciones.<\/p>\n<p data-reader-unique-id=\"16\">\u00abHoy d\u00eda nos encontramos con un basural impresionante, no dimension\u00e1bamos la magnitud de lo que vimos ac\u00e1, en un rato de trabajo llenamos dos contenedores y la idea de esta actividad es visibilizar que este tipo de situaciones generan una contaminaci\u00f3n al medio ambiente y son situaciones que no pueden seguir ocurriendo\u00bb, explic\u00f3 el ejecutivo.<\/p>\n<h3 data-reader-unique-id=\"17\">Proyecci\u00f3n<\/h3>\n<p data-reader-unique-id=\"18\">El representante de la sanitaria propuso seguir trabajando en conjunto con las instituciones y agrupaciones de Ancud, para implementar medidas para terminar con estas situaciones.<\/p>\n<p data-reader-unique-id=\"19\">Bajo este contexto y en medio de la limpieza, los presentes concordaron en la necesidad de conformar una mesa de trabajo que apunte a erradicar la presencia de basura en distintos sectores de la comuna del norte de la Isla.<\/p>\n","protected":false},"excerpt":{"rendered":"<p>La iniciativa busca proteger el Tranque Pudeto, donde un basural ha generado preocupaci\u00f3n entre vecinos. La iniciativa se busca extender al resto de la comuna. En un operativo intersectorial realizado en las \u00faltimas horas, se retiraron cerca de 50 metros c\u00fabicos de desechos en la ladera que est\u00e1 al comienzo del camino a Lajas Blancas, [&hellip;]<\/p>\n","protected":false},"author":7,"featured_media":34404,"comment_status":"closed","ping_status":"closed","sticky":false,"template":"","format":"standard","meta":{"footnotes":""},"categories":[4],"tags":[],"class_list":["post-34403","post","type-post","status-publish","format-standard","has-post-thumbnail","hentry","category-sala-de-prensa"],"_links":{"self":[{"href":"https:\/\/www.muniancud.cl\/portal\/wp-json\/wp\/v2\/posts\/34403","targetHints":{"allow":["GET"]}}],"collection":[{"href":"https:\/\/www.muniancud.cl\/portal\/wp-json\/wp\/v2\/posts"}],"about":[{"href":"https:\/\/www.muniancud.cl\/portal\/wp-json\/wp\/v2\/types\/post"}],"author":[{"embeddable":true,"href":"https:\/\/www.muniancud.cl\/portal\/wp-json\/wp\/v2\/users\/7"}],"replies":[{"embeddable":true,"href":"https:\/\/www.muniancud.cl\/portal\/wp-json\/wp\/v2\/comments?post=34403"}],"version-history":[{"count":1,"href":"https:\/\/www.muniancud.cl\/portal\/wp-json\/wp\/v2\/posts\/34403\/revisions"}],"predecessor-version":[{"id":34405,"href":"https:\/\/www.muniancud.cl\/portal\/wp-json\/wp\/v2\/posts\/34403\/revisions\/34405"}],"wp:featuredmedia":[{"embeddable":true,"href":"https:\/\/www.muniancud.cl\/portal\/wp-json\/wp\/v2\/media\/34404"}],"wp:attachment":[{"href":"https:\/\/www.muniancud.cl\/portal\/wp-json\/wp\/v2\/media?parent=34403"}],"wp:term":[{"taxonomy":"category","embeddable":true,"href":"https:\/\/www.muniancud.cl\/portal\/wp-json\/wp\/v2\/categories?post=34403"},{"taxonomy":"post_tag","embeddable":true,"href":"https:\/\/www.muniancud.cl\/portal\/wp-json\/wp\/v2\/tags?post=34403"}],"curies":[{"name":"wp","href":"https:\/\/api.w.org\/{rel}","templated":true}]}}