{"id":34406,"date":"2024-12-22T17:20:01","date_gmt":"2024-12-22T20:20:01","guid":{"rendered":"https:\/\/www.muniancud.cl\/portal\/?p=34406"},"modified":"2025-01-02T17:23:03","modified_gmt":"2025-01-02T20:23:03","slug":"feria-navidena-llenan-de-color-a-ancud-e-impulsan-la-labor-de-emprendedores","status":"publish","type":"post","link":"https:\/\/www.muniancud.cl\/portal\/feria-navidena-llenan-de-color-a-ancud-e-impulsan-la-labor-de-emprendedores\/","title":{"rendered":"Feria navide\u00f1a llenan de color a Ancud e impulsan la labor de emprendedores"},"content":{"rendered":"<p data-reader-unique-id=\"4\">Estas instancias no s\u00f3lo buscan promover el esp\u00edritu festivo, sino tambi\u00e9n fortalecer el comercio local, destacando los emprendimientos en artesan\u00eda y productos caracter\u00edsticos de la zona.<\/p>\n<p data-reader-unique-id=\"5\">As\u00ed lo se\u00f1al\u00f3 Alfredo Huentelic\u00e1n, coordinador de la Direcci\u00f3n de Turismo y Fomento Productivo (Ditufop) del municipio de Ancud, quien invit\u00f3 a la comunidad a comprar sus regalos a los emprendedores locales instalados en la plaza de armas, donde se desarrolla la Feria de los Buenos Deseos.<\/p>\n<p data-reader-unique-id=\"6\">\u00abLa feria inici\u00f3 el 16 de diciembre y va a estar hasta el lunes, desde las 9 de la ma\u00f1ana hasta las 21 horas. Tenemos entretenciones, regalos y descuentos de un 10% que vamos a entregar con tarjetas que vamos a ir sorteando estos d\u00edas, as\u00ed que dejo invitada a toda la comunidad a que vengan ac\u00e1 a comprar sus regalos de navidad\u00bb, enfatiz\u00f3 el funcionarios.<\/p>\n","protected":false},"excerpt":{"rendered":"<p>Estas instancias no s\u00f3lo buscan promover el esp\u00edritu festivo, sino tambi\u00e9n fortalecer el comercio local, destacando los emprendimientos en artesan\u00eda y productos caracter\u00edsticos de la zona. As\u00ed lo se\u00f1al\u00f3 Alfredo Huentelic\u00e1n, coordinador de la Direcci\u00f3n de Turismo y Fomento Productivo (Ditufop) del municipio de Ancud, quien invit\u00f3 a la comunidad a comprar sus regalos a [&hellip;]<\/p>\n","protected":false},"author":7,"featured_media":34407,"comment_status":"closed","ping_status":"closed","sticky":false,"template":"","format":"standard","meta":{"footnotes":""},"categories":[4],"tags":[],"class_list":["post-34406","post","type-post","status-publish","format-standard","has-post-thumbnail","hentry","category-sala-de-prensa"],"_links":{"self":[{"href":"https:\/\/www.muniancud.cl\/portal\/wp-json\/wp\/v2\/posts\/34406","targetHints":{"allow":["GET"]}}],"collection":[{"href":"https:\/\/www.muniancud.cl\/portal\/wp-json\/wp\/v2\/posts"}],"about":[{"href":"https:\/\/www.muniancud.cl\/portal\/wp-json\/wp\/v2\/types\/post"}],"author":[{"embeddable":true,"href":"https:\/\/www.muniancud.cl\/portal\/wp-json\/wp\/v2\/users\/7"}],"replies":[{"embeddable":true,"href":"https:\/\/www.muniancud.cl\/portal\/wp-json\/wp\/v2\/comments?post=34406"}],"version-history":[{"count":1,"href":"https:\/\/www.muniancud.cl\/portal\/wp-json\/wp\/v2\/posts\/34406\/revisions"}],"predecessor-version":[{"id":34408,"href":"https:\/\/www.muniancud.cl\/portal\/wp-json\/wp\/v2\/posts\/34406\/revisions\/34408"}],"wp:featuredmedia":[{"embeddable":true,"href":"https:\/\/www.muniancud.cl\/portal\/wp-json\/wp\/v2\/media\/34407"}],"wp:attachment":[{"href":"https:\/\/www.muniancud.cl\/portal\/wp-json\/wp\/v2\/media?parent=34406"}],"wp:term":[{"taxonomy":"category","embeddable":true,"href":"https:\/\/www.muniancud.cl\/portal\/wp-json\/wp\/v2\/categories?post=34406"},{"taxonomy":"post_tag","embeddable":true,"href":"https:\/\/www.muniancud.cl\/portal\/wp-json\/wp\/v2\/tags?post=34406"}],"curies":[{"name":"wp","href":"https:\/\/api.w.org\/{rel}","templated":true}]}}