{"id":34409,"date":"2024-12-25T17:26:04","date_gmt":"2024-12-25T20:26:04","guid":{"rendered":"https:\/\/www.muniancud.cl\/portal\/?p=34409"},"modified":"2025-01-02T17:28:29","modified_gmt":"2025-01-02T20:28:29","slug":"lechagua-avanza-para-ser-la-primera-playa-apta-para-el-bano-en-chiloe","status":"publish","type":"post","link":"https:\/\/www.muniancud.cl\/portal\/lechagua-avanza-para-ser-la-primera-playa-apta-para-el-bano-en-chiloe\/","title":{"rendered":"Lechagua avanza para ser la primera playa apta para el ba\u00f1o en Chilo\u00e9"},"content":{"rendered":"<p data-reader-unique-id=\"3\">Este lunes 23 de diciembre autoridades mar\u00edtimas dieron por iniciada la temporada de playas, lo que involucra para la instituci\u00f3n un despliegue de medios, tanto humanos como materiales, para poder dar una mejor cobertura y seguridad a quienes visitan las playas y vienen a vacacionar.<\/p>\n<p data-reader-unique-id=\"4\">Y como es costumbre en Chilo\u00e9, tarde comienzan a habilitarse los balnearios. Por lo pronto, de las 107 playas registradas por la Armada en el Archipi\u00e9lago, ninguna se encuentra apta para el ba\u00f1o. Eso s\u00ed, como tambi\u00e9n es tradicional, toman la delantera para cumplir con la habilitaci\u00f3n la de Lechagua en Ancud, como tambi\u00e9n la de Ten Ten y Quento en Castro.<\/p>\n<p data-reader-unique-id=\"5\">Con relaci\u00f3n al espacio costero en el norte de la Isla, Nicol\u00e1s Olave, titular de la Direcci\u00f3n de Turismo y Fomento Productivo de la Municipalidad de Ancud, cuenta que el consistorio tiene el objetivo de habilitar Lechagua, una de las playas m\u00e1s grandes e importantes de la comuna.<\/p>\n<p data-reader-unique-id=\"6\">\u00abSon 300 metros de playa que se habilitan, donde esperamos contar con cinco salvavidas. Adem\u00e1s, todas las gestiones se hacen con la autoridad mar\u00edtima correspondiente, que son el permiso de escasa importancia que se presenta con el plano correspondiente, con el objetivo de la concesi\u00f3n, adem\u00e1s de la adquisici\u00f3n de los distintos implementos m\u00e9dicos que se necesitan que usen los salvavidas en casos de emergencia\u00bb, recalc\u00f3 el funcionario.<\/p>\n<p data-reader-unique-id=\"7\">\u00abTambi\u00e9n, se encuentra todo lo referente a elementos de seguridad, las torres, las banderas, los letreros de &#8216;playa apta&#8217; o &#8216;playa no apta&#8217; para el ba\u00f1o y temas de coordinaci\u00f3n de accesos para veh\u00edculos de emergencia\u00bb, a\u00f1adi\u00f3.<\/p>\n<p data-reader-unique-id=\"8\">Junto al \u00abpermiso de escasa importancia\u00bb, se solicita la porci\u00f3n de agua a habilitar, \u00aby para eso nosotros tenemos que generar una licitaci\u00f3n para instalaci\u00f3n de boyas y, adem\u00e1s, comprar las boyas correspondientes, el cabo, los sacos de arena, y entreg\u00e1rselos al proveedor para que \u00e9l instale las boyas, y esa licitaci\u00f3n se levanta con la instalaci\u00f3n de boyas y un top\u00f3grafo, para que \u00e9l tome los puntos del plano y pueda instalar las boyas\u00bb, enfatiz\u00f3.<\/p>\n<p data-reader-unique-id=\"9\">Olave a\u00f1adi\u00f3 que la contrataci\u00f3n de salvavidas es primordial, ya que \u00aben Ancud es particularmente m\u00e1s complicado todos los a\u00f1os. Por eso, este a\u00f1o hicimos un curso de salvataje mar\u00edtimo, lo cual nos permiti\u00f3 certificar a 12 personas, de las cuales 11 pasaron la prueba de salvavidas. Eso nos permiti\u00f3 poder acceder a salvavidas m\u00e1s f\u00e1cilmente, ya que a trav\u00e9s del mismo curso se contrataron personas\u00bb.<\/p>\n<p data-reader-unique-id=\"10\">Igualmente, la fuente advirti\u00f3 que \u00ablos marinos nos piden coordinar las pruebas, facilitarles un param\u00e9dico para prueba de pr\u00e1ctica, un lugar para poder tomar la prueba te\u00f3rica, y todo eso viene amarrado de un presupuesto municipal que hay que moverlo internamente, con todos los tr\u00e1mites administrativos correspondientes\u00bb.<\/p>\n","protected":false},"excerpt":{"rendered":"<p>Este lunes 23 de diciembre autoridades mar\u00edtimas dieron por iniciada la temporada de playas, lo que involucra para la instituci\u00f3n un despliegue de medios, tanto humanos como materiales, para poder dar una mejor cobertura y seguridad a quienes visitan las playas y vienen a vacacionar. Y como es costumbre en Chilo\u00e9, tarde comienzan a habilitarse [&hellip;]<\/p>\n","protected":false},"author":7,"featured_media":34410,"comment_status":"closed","ping_status":"closed","sticky":false,"template":"","format":"standard","meta":{"footnotes":""},"categories":[4],"tags":[],"class_list":["post-34409","post","type-post","status-publish","format-standard","has-post-thumbnail","hentry","category-sala-de-prensa"],"_links":{"self":[{"href":"https:\/\/www.muniancud.cl\/portal\/wp-json\/wp\/v2\/posts\/34409","targetHints":{"allow":["GET"]}}],"collection":[{"href":"https:\/\/www.muniancud.cl\/portal\/wp-json\/wp\/v2\/posts"}],"about":[{"href":"https:\/\/www.muniancud.cl\/portal\/wp-json\/wp\/v2\/types\/post"}],"author":[{"embeddable":true,"href":"https:\/\/www.muniancud.cl\/portal\/wp-json\/wp\/v2\/users\/7"}],"replies":[{"embeddable":true,"href":"https:\/\/www.muniancud.cl\/portal\/wp-json\/wp\/v2\/comments?post=34409"}],"version-history":[{"count":1,"href":"https:\/\/www.muniancud.cl\/portal\/wp-json\/wp\/v2\/posts\/34409\/revisions"}],"predecessor-version":[{"id":34411,"href":"https:\/\/www.muniancud.cl\/portal\/wp-json\/wp\/v2\/posts\/34409\/revisions\/34411"}],"wp:featuredmedia":[{"embeddable":true,"href":"https:\/\/www.muniancud.cl\/portal\/wp-json\/wp\/v2\/media\/34410"}],"wp:attachment":[{"href":"https:\/\/www.muniancud.cl\/portal\/wp-json\/wp\/v2\/media?parent=34409"}],"wp:term":[{"taxonomy":"category","embeddable":true,"href":"https:\/\/www.muniancud.cl\/portal\/wp-json\/wp\/v2\/categories?post=34409"},{"taxonomy":"post_tag","embeddable":true,"href":"https:\/\/www.muniancud.cl\/portal\/wp-json\/wp\/v2\/tags?post=34409"}],"curies":[{"name":"wp","href":"https:\/\/api.w.org\/{rel}","templated":true}]}}