{"id":34412,"date":"2024-12-25T17:28:32","date_gmt":"2024-12-25T20:28:32","guid":{"rendered":"https:\/\/www.muniancud.cl\/portal\/?p=34412"},"modified":"2025-01-02T17:31:23","modified_gmt":"2025-01-02T20:31:23","slug":"aprueban-trato-directo-para-continuar-con-el-retiro-de-los-residuos-en-ancud","status":"publish","type":"post","link":"https:\/\/www.muniancud.cl\/portal\/aprueban-trato-directo-para-continuar-con-el-retiro-de-los-residuos-en-ancud\/","title":{"rendered":"Aprueban trato directo para continuar con el retiro de los residuos en Ancud"},"content":{"rendered":"<p class=\"p2\">Medida que fue visada por el concejo municipal de la comuna del norte de la Isla busca mantener el servicio por dos meses mientras se realiza un proceso de licitaci\u00f3n por el plazo de un a\u00f1o.<\/p>\n<p class=\"p2\">Por unanimidad fue aprobado por el Concejo Municipal de Ancud la omisi\u00f3n de la licitaci\u00f3n p\u00fablica del servicio de recolecci\u00f3n de residuos s\u00f3lidos domiciliarios para generar un trato directo y con ello, resolver el problema durante dos meses a la espera de la aprobaci\u00f3n de las bases para el nuevo proceso.<\/p>\n<p class=\"p2\">Este fue el \u00fanico tema que se analiz\u00f3 en la sesi\u00f3n extraordinaria del organismo, ya que de no llegarse a un acuerdo de estas caracter\u00edsticas desde el 1 de enero se podr\u00eda haber generado complicaciones como las que llevaron a la comuna a tener una alerta sanitaria por no retiro de la basura.<\/p>\n<p class=\"p2\">De esta forma, en el plazo que va desde el 1 de enero hasta el 28 de febrero se espera concretar un llamado a licitaci\u00f3n de este servicio por un a\u00f1o, aunque inicialmente se hab\u00eda pensado en un plazo de cuatro a\u00f1os.<\/p>\n<p class=\"p2\">Alfredo Caro, jefe de la Direcci\u00f3n de Medio Ambiente, Aseo y Ornato (Dimao), expuso en el concejo que \u00abestamos funcionando con una licitaci\u00f3n de apoyo a la recolecci\u00f3n de residuos que tiene fecha de t\u00e9rmino el 31 de diciembre, en el marco de lo mismo en noviembre se pidi\u00f3 a la alcaldesa subrogante explorar algunas acciones para poder ver la posibilidad de generar un trato directo u otra que pudiese darle la continuidad al servicio, entendiendo que a esa fecha no ten\u00edamos la visaci\u00f3n por parte de Contralor\u00eda de las bases\u00bb.<\/p>\n<p class=\"p2\">Dentro de lo que se acord\u00f3 en su momento, el profesional agreg\u00f3 que \u00ablas mismas bases que hemos trabajado ser\u00e1n las que se utilicen en este trato directo. Se va a trabajar por un trato directo con fecha de t\u00e9rmino en marzo, por la licitaci\u00f3n que tenemos que hacer por un a\u00f1o\u00bb.<\/p>\n<p class=\"p2\"><b>Secplan<\/b><\/p>\n<p class=\"p2\">Junto con ello, Andr\u00e9s Shafer, director de la Secretar\u00eda Comunal de Planificaci\u00f3n (Secplan), expuso en la sesi\u00f3n que \u00abla licitaci\u00f3n que est\u00e1 en revisi\u00f3n es por un a\u00f1o y el monto ser\u00eda 650 millones de pesos y por qu\u00e9 estos dos meses, es porque son m\u00e1s o menos 60 d\u00edas los que necesitamos para la revisi\u00f3n, aprobaci\u00f3n y el llamado del servicio\u00bb.<\/p>\n<p class=\"p2\">Como parte de la justificaci\u00f3n de la necesidad del trato directo describi\u00f3 que \u00abel servicio de recolecci\u00f3n de residuos s\u00f3lidos voluminosos y reutilizables desde el 1 de enero no lo tendr\u00edamos y podr\u00edamos caer de nuevo en una alerta sanitaria\u00bb.<\/p>\n<p class=\"p2\">Andr\u00e9s Ojeda (indep.), alcalde ancuditano, puntualiz\u00f3 en la reuni\u00f3n que \u00abva a haber un trato directo, una licitaci\u00f3n de un a\u00f1o que se va a ejecutar y la pr\u00f3xima que viene que nosotros vamos a estar preparando es en la que vamos a participar todos. En la que se est\u00e1 revisando no vamos a poder intervenir y esa va a ser por un a\u00f1o\u00bb.<\/p>\n<p class=\"p2\">Actualmente, este tipo de servicio que considera el trabajo de peonetas, barrenderos y las personas que apoyan el sistema de recolecci\u00f3n de residuos s\u00f3lidos domiciliarios y valorizables de la comuna, est\u00e1 a cargo de la empresa CyH.<\/p>\n<p class=\"p2\">Tras la aprobaci\u00f3n del concejo, la Secplan ser\u00e1 la encargada de iniciar los procesos administrativos para llegar a un acuerdo con una empresa para realizar estas funciones por los pr\u00f3ximos dos meses.<\/p>\n","protected":false},"excerpt":{"rendered":"<p>Medida que fue visada por el concejo municipal de la comuna del norte de la Isla busca mantener el servicio por dos meses mientras se realiza un proceso de licitaci\u00f3n por el plazo de un a\u00f1o. Por unanimidad fue aprobado por el Concejo Municipal de Ancud la omisi\u00f3n de la licitaci\u00f3n p\u00fablica del servicio de [&hellip;]<\/p>\n","protected":false},"author":7,"featured_media":34413,"comment_status":"closed","ping_status":"closed","sticky":false,"template":"","format":"standard","meta":{"footnotes":""},"categories":[4],"tags":[],"class_list":["post-34412","post","type-post","status-publish","format-standard","has-post-thumbnail","hentry","category-sala-de-prensa"],"_links":{"self":[{"href":"https:\/\/www.muniancud.cl\/portal\/wp-json\/wp\/v2\/posts\/34412","targetHints":{"allow":["GET"]}}],"collection":[{"href":"https:\/\/www.muniancud.cl\/portal\/wp-json\/wp\/v2\/posts"}],"about":[{"href":"https:\/\/www.muniancud.cl\/portal\/wp-json\/wp\/v2\/types\/post"}],"author":[{"embeddable":true,"href":"https:\/\/www.muniancud.cl\/portal\/wp-json\/wp\/v2\/users\/7"}],"replies":[{"embeddable":true,"href":"https:\/\/www.muniancud.cl\/portal\/wp-json\/wp\/v2\/comments?post=34412"}],"version-history":[{"count":1,"href":"https:\/\/www.muniancud.cl\/portal\/wp-json\/wp\/v2\/posts\/34412\/revisions"}],"predecessor-version":[{"id":34414,"href":"https:\/\/www.muniancud.cl\/portal\/wp-json\/wp\/v2\/posts\/34412\/revisions\/34414"}],"wp:featuredmedia":[{"embeddable":true,"href":"https:\/\/www.muniancud.cl\/portal\/wp-json\/wp\/v2\/media\/34413"}],"wp:attachment":[{"href":"https:\/\/www.muniancud.cl\/portal\/wp-json\/wp\/v2\/media?parent=34412"}],"wp:term":[{"taxonomy":"category","embeddable":true,"href":"https:\/\/www.muniancud.cl\/portal\/wp-json\/wp\/v2\/categories?post=34412"},{"taxonomy":"post_tag","embeddable":true,"href":"https:\/\/www.muniancud.cl\/portal\/wp-json\/wp\/v2\/tags?post=34412"}],"curies":[{"name":"wp","href":"https:\/\/api.w.org\/{rel}","templated":true}]}}