{"id":34480,"date":"2025-01-14T17:32:19","date_gmt":"2025-01-14T20:32:19","guid":{"rendered":"https:\/\/www.muniancud.cl\/portal\/?p=34480"},"modified":"2025-01-16T17:34:29","modified_gmt":"2025-01-16T20:34:29","slug":"reparan-eventos-de-calzadas-en-ancud","status":"publish","type":"post","link":"https:\/\/www.muniancud.cl\/portal\/reparan-eventos-de-calzadas-en-ancud\/","title":{"rendered":"Reparan \u00abeventos\u00bb de calzadas en Ancud"},"content":{"rendered":"<div class=\"xdj266r x11i5rnm xat24cr x1mh8g0r x1vvkbs x126k92a\">\n<div dir=\"auto\">Con un plazo de 90 d\u00edas cuenta el proyecto de reparaci\u00f3n de \u2018eventos\u2019 en distintos puntos de a lo menos cuatro calzadas de la zona c\u00e9ntrica de la ciudad de Ancud. Se trata de una iniciativa que considera una inversi\u00f3n de 83 millones de pesos aportados a trav\u00e9s del Programa de Mejoramiento Urbano (PMU) de la Subsecretar\u00eda de Desarrollo Regional y Administrativo (Subdere).<\/div>\n<div dir=\"auto\">Seg\u00fan lo informado por el municipio ancuditano, las reparaciones que ya comenzaron consideran intervenir los lugares m\u00e1s complicados de calle Galvarino Riveros, as\u00ed como Gonz\u00e1lez Canessa en intersecci\u00f3n Pedro Guajardo y tambi\u00e9n An\u00edbal Pinto con Pudeto, en el ingreso a la ciudad.<\/div>\n<\/div>\n<div class=\"x11i5rnm xat24cr x1mh8g0r x1vvkbs xtlvy1s x126k92a\">\n<div dir=\"auto\">PACIENCIA<\/div>\n<div dir=\"auto\">\u201cHan comenzado los trabajos, hay un plazo de 90 d\u00edas, el contratista es Osmar Limitada y el monto 83 millones de pesos\u201d, indic\u00f3 que el director de Obras Municipales (DOM), Mario Her-n\u00e1ndez, sumando que \u201crogamos a la comunidad tener un poco de paciencia con respecto a estas repara-ciones\u201d.<\/div>\n<div dir=\"auto\">Sum\u00f3 el funcionario consistorial que \u201cvamos a intentar implementar un plan de gesti\u00f3n de tr\u00e1nsito, para que se tenga mayor y mejor flujo, pero, como todos saben, es en \u00e9poca estival en que se deben hacer estos trabajos porque con tanta lluvia es imposible hacerlo en \u00e9poca de invierno y rogamos que tengan la paciencia del caso\u201d.<\/div>\n<\/div>\n","protected":false},"excerpt":{"rendered":"<p>Con un plazo de 90 d\u00edas cuenta el proyecto de reparaci\u00f3n de \u2018eventos\u2019 en distintos puntos de a lo menos cuatro calzadas de la zona c\u00e9ntrica de la ciudad de Ancud. Se trata de una iniciativa que considera una inversi\u00f3n de 83 millones de pesos aportados a trav\u00e9s del Programa de Mejoramiento Urbano (PMU) de [&hellip;]<\/p>\n","protected":false},"author":7,"featured_media":34481,"comment_status":"closed","ping_status":"closed","sticky":false,"template":"","format":"standard","meta":{"footnotes":""},"categories":[4],"tags":[],"class_list":["post-34480","post","type-post","status-publish","format-standard","has-post-thumbnail","hentry","category-sala-de-prensa"],"_links":{"self":[{"href":"https:\/\/www.muniancud.cl\/portal\/wp-json\/wp\/v2\/posts\/34480","targetHints":{"allow":["GET"]}}],"collection":[{"href":"https:\/\/www.muniancud.cl\/portal\/wp-json\/wp\/v2\/posts"}],"about":[{"href":"https:\/\/www.muniancud.cl\/portal\/wp-json\/wp\/v2\/types\/post"}],"author":[{"embeddable":true,"href":"https:\/\/www.muniancud.cl\/portal\/wp-json\/wp\/v2\/users\/7"}],"replies":[{"embeddable":true,"href":"https:\/\/www.muniancud.cl\/portal\/wp-json\/wp\/v2\/comments?post=34480"}],"version-history":[{"count":1,"href":"https:\/\/www.muniancud.cl\/portal\/wp-json\/wp\/v2\/posts\/34480\/revisions"}],"predecessor-version":[{"id":34482,"href":"https:\/\/www.muniancud.cl\/portal\/wp-json\/wp\/v2\/posts\/34480\/revisions\/34482"}],"wp:featuredmedia":[{"embeddable":true,"href":"https:\/\/www.muniancud.cl\/portal\/wp-json\/wp\/v2\/media\/34481"}],"wp:attachment":[{"href":"https:\/\/www.muniancud.cl\/portal\/wp-json\/wp\/v2\/media?parent=34480"}],"wp:term":[{"taxonomy":"category","embeddable":true,"href":"https:\/\/www.muniancud.cl\/portal\/wp-json\/wp\/v2\/categories?post=34480"},{"taxonomy":"post_tag","embeddable":true,"href":"https:\/\/www.muniancud.cl\/portal\/wp-json\/wp\/v2\/tags?post=34480"}],"curies":[{"name":"wp","href":"https:\/\/api.w.org\/{rel}","templated":true}]}}