{"id":34483,"date":"2025-01-13T17:34:34","date_gmt":"2025-01-13T20:34:34","guid":{"rendered":"https:\/\/www.muniancud.cl\/portal\/?p=34483"},"modified":"2025-01-16T17:36:53","modified_gmt":"2025-01-16T20:36:53","slug":"con-miras-en-incorporar-mas-cadetes-chacao-celebro-el-aniversario-25-del-voluntariado-bomberil","status":"publish","type":"post","link":"https:\/\/www.muniancud.cl\/portal\/con-miras-en-incorporar-mas-cadetes-chacao-celebro-el-aniversario-25-del-voluntariado-bomberil\/","title":{"rendered":"Con miras en incorporar m\u00e1s cadetes, Chacao celebr\u00f3 el aniversario 25 del voluntariado bomberil"},"content":{"rendered":"<div dir=\"auto\">Con un reconocimiento a 22 voluntarios que cumplen entre 10 y 70 a\u00f1os de servicio, as\u00ed como definiendo las prioridades para el futuro, el Cuerpo de Bomberos de Chacao celebr\u00f3 25 a\u00f1os desde que se separ\u00f3 del de Ancud.<\/div>\n<div dir=\"auto\">Dentro de los desaf\u00edos de la instituci\u00f3n est\u00e1 el inicio de proceso de incorporaci\u00f3n de nuevos voluntarios e incluso ya cuenta con una brigada de cadetes. En los \u00faltimos 10 a\u00f1os, el cuerpo chaca\u00edno ha incorporado a 20 personas a sus filas.<\/div>\n<div dir=\"auto\">En la ceremonia fueron entregados reconocimientos al m\u00e9rito, por constancia de los 25 a\u00f1os, por 5 a\u00f1os de servicio, por 10 a\u00f1os, por 15, por 20, por 25 y 70 a\u00f1os.<\/div>\n<div dir=\"auto\">Estos \u00faltimos correspondieron a Crescencio Villegas y Alamiro Herrera.<\/div>\n<div dir=\"auto\">A sus 89 a\u00f1os, Villegas fue uno de los reconocidos por sus a\u00f1os de servicio en la instituci\u00f3n, como \u201cvoluntario insigne de Chile\u201d, tras lo que coment\u00f3 que \u201ceste a\u00f1o estamos bien, no para andar corriendo, pero s\u00ed para venir a la oficina a las reuniones. Ser bombero es una tremenda alegr\u00eda, una gran cosa para el pueblo, nosotros empezamos a puro balde, haciendo pozos para recoger ag\u00fcita para apagar los incendios\u201d.<\/div>\n<div dir=\"auto\">COMANDANTE<\/div>\n<div dir=\"auto\">Ricardo D\u00edaz, comandante de la instituci\u00f3n, destac\u00f3 que el aniversario los encuentra \u201cbastante bien desde que iniciamos esta instituci\u00f3n en el a\u00f1o 99; hemos avanzado bastante, teniamos un solo carro, ahora tenemos una mayor cantidad de material mayor, ha sido un trabajo arduo, no es f\u00e1cil\u201d.<\/div>\n<div dir=\"auto\">Asimismo, el oficial mencion\u00f3 que \u201ctenemos bomberos profesionales, bomberos operativos, tenemos una brigada con siete voluntarios y estamos pr\u00f3ximos a iniciar el proceso de activar para que se inteare m\u00e1s aente a la instituci\u00f3n\u201d.<\/div>\n<div dir=\"auto\">D\u00edaz record\u00f3 que dos de los voluntarios reconocidos pertenecen el primer cuerpo que hubo en Chacao, luego se disolvi\u00f3 y pas\u00f3 a formar parte de la Sexta Compa\u00f1\u00eda, dependiendo de Ancud y, posteriormente, se cre\u00f3 nuevamente el Cuerpo de Bomberos de Chacao.<\/div>\n","protected":false},"excerpt":{"rendered":"<p>Con un reconocimiento a 22 voluntarios que cumplen entre 10 y 70 a\u00f1os de servicio, as\u00ed como definiendo las prioridades para el futuro, el Cuerpo de Bomberos de Chacao celebr\u00f3 25 a\u00f1os desde que se separ\u00f3 del de Ancud. Dentro de los desaf\u00edos de la instituci\u00f3n est\u00e1 el inicio de proceso de incorporaci\u00f3n de nuevos [&hellip;]<\/p>\n","protected":false},"author":7,"featured_media":34484,"comment_status":"closed","ping_status":"closed","sticky":false,"template":"","format":"standard","meta":{"footnotes":""},"categories":[1],"tags":[],"class_list":["post-34483","post","type-post","status-publish","format-standard","has-post-thumbnail","hentry","category-sin-categoria"],"_links":{"self":[{"href":"https:\/\/www.muniancud.cl\/portal\/wp-json\/wp\/v2\/posts\/34483","targetHints":{"allow":["GET"]}}],"collection":[{"href":"https:\/\/www.muniancud.cl\/portal\/wp-json\/wp\/v2\/posts"}],"about":[{"href":"https:\/\/www.muniancud.cl\/portal\/wp-json\/wp\/v2\/types\/post"}],"author":[{"embeddable":true,"href":"https:\/\/www.muniancud.cl\/portal\/wp-json\/wp\/v2\/users\/7"}],"replies":[{"embeddable":true,"href":"https:\/\/www.muniancud.cl\/portal\/wp-json\/wp\/v2\/comments?post=34483"}],"version-history":[{"count":1,"href":"https:\/\/www.muniancud.cl\/portal\/wp-json\/wp\/v2\/posts\/34483\/revisions"}],"predecessor-version":[{"id":34485,"href":"https:\/\/www.muniancud.cl\/portal\/wp-json\/wp\/v2\/posts\/34483\/revisions\/34485"}],"wp:featuredmedia":[{"embeddable":true,"href":"https:\/\/www.muniancud.cl\/portal\/wp-json\/wp\/v2\/media\/34484"}],"wp:attachment":[{"href":"https:\/\/www.muniancud.cl\/portal\/wp-json\/wp\/v2\/media?parent=34483"}],"wp:term":[{"taxonomy":"category","embeddable":true,"href":"https:\/\/www.muniancud.cl\/portal\/wp-json\/wp\/v2\/categories?post=34483"},{"taxonomy":"post_tag","embeddable":true,"href":"https:\/\/www.muniancud.cl\/portal\/wp-json\/wp\/v2\/tags?post=34483"}],"curies":[{"name":"wp","href":"https:\/\/api.w.org\/{rel}","templated":true}]}}