{"id":34486,"date":"2025-01-13T17:37:47","date_gmt":"2025-01-13T20:37:47","guid":{"rendered":"https:\/\/www.muniancud.cl\/portal\/?p=34486"},"modified":"2025-01-16T17:39:21","modified_gmt":"2025-01-16T20:39:21","slug":"ancud-revive-tradiciones-con-cuatro-muestras-costumbristas-rurales-2","status":"publish","type":"post","link":"https:\/\/www.muniancud.cl\/portal\/ancud-revive-tradiciones-con-cuatro-muestras-costumbristas-rurales-2\/","title":{"rendered":"Ancud revive tradiciones con cuatro muestras costumbristas rurales"},"content":{"rendered":"<div dir=\"auto\">Guab\u00fan, Caul\u00edn, Chepu y Manao son las localidades rurales ancuditanas que dan vida al verano con fiestas costumbristas y gastron\u00f3micas este fin de semana, con \u00e9nfasis en t\u00edpicos productos y preparaciones de la zona como el loco y el caldero.<\/div>\n<div dir=\"auto\">Hasta Manao lleg\u00f3 ayer Juan Carlos Inostroza a disfrutar de la muestra costumbrista de ese sector. \u201cLa fiesta es muy bonita, buenas comidas, bonitos bailes, entretenido. Vinimos con la familia y vamos a estar por 10 d\u00edas\u201d, indic\u00f3 el oriundo de Los Andes, Regi\u00f3n de Valpara\u00edso.<\/div>\n<div dir=\"auto\">Valentina Silva, representante de la organizaci\u00f3n costumbrista de Manao, destac\u00f3 la presencia de visitantes, lo que estuvo acompa\u00f1ado de un d\u00eda soleado, a diferencia de a\u00f1os anteriores que vivieron la fiesta con lluvia.<\/div>\n<div dir=\"auto\">\u201cTenemos varios estands de comida t\u00edpica chilota y tambi\u00e9n tenemos artesan\u00eda para darle el toque y el tema de los conjuntos folcl\u00f3ricos que le dan mucho realce a la fiesta\u201d, afirm\u00f3 la dirigente, sumando que las expectativas son terminar hoy con un gran marco de visitantes.<\/div>\n<div dir=\"auto\">Tambi\u00e9n hubo algunas cr\u00edticas, como en el caso de la Fiesta del Loco de Chepu. \u201cIncre\u00edble. Realizando fiesta del loco. Y a esta hora ning\u00fan local tiene&#8230; todos buscan productos con este ingrediente y lo hay nada\u201d, escribi\u00f3 en Facebook Eduardo Quilaguilque.<\/div>\n<div dir=\"auto\">Al igual que en Manao, en Guab\u00fan se realiza la Muestra Costumbrista de la Dunas, evento en el que el alcalde Andr\u00e9s Ojeda (indep.) afirm\u00f3 que \u201ceste tipo de actividades se sustenta y se arraigan en nuestra cultura chilota. Ac\u00e1 en Guab\u00fan tenemos muchos desaf\u00edos, tenemos la posta que tuvo dificultades y fue una obra que se tuvo que liquidar y en estos d\u00edas ya se retoma su construcci\u00f3n\u201d.<\/div>\n<div dir=\"auto\">El jefe comunal agreg\u00f3 que el mejoramiento asf\u00e1ltico considerado para esa zona est\u00e1 en el segundo lugar de prioridades del territorio oeste de Ancud, esperando inicialmente retomar las obras al Fuerte Ahui.<\/div>\n<div dir=\"auto\">Tambi\u00e9n el jefe comunal fij\u00f3 como meta al menos pavimentar al a\u00f1o un camino de la provincia de Lacuy.<\/div>\n","protected":false},"excerpt":{"rendered":"<p>Guab\u00fan, Caul\u00edn, Chepu y Manao son las localidades rurales ancuditanas que dan vida al verano con fiestas costumbristas y gastron\u00f3micas este fin de semana, con \u00e9nfasis en t\u00edpicos productos y preparaciones de la zona como el loco y el caldero. Hasta Manao lleg\u00f3 ayer Juan Carlos Inostroza a disfrutar de la muestra costumbrista de ese [&hellip;]<\/p>\n","protected":false},"author":7,"featured_media":34487,"comment_status":"closed","ping_status":"closed","sticky":false,"template":"","format":"standard","meta":{"footnotes":""},"categories":[4],"tags":[],"class_list":["post-34486","post","type-post","status-publish","format-standard","has-post-thumbnail","hentry","category-sala-de-prensa"],"_links":{"self":[{"href":"https:\/\/www.muniancud.cl\/portal\/wp-json\/wp\/v2\/posts\/34486","targetHints":{"allow":["GET"]}}],"collection":[{"href":"https:\/\/www.muniancud.cl\/portal\/wp-json\/wp\/v2\/posts"}],"about":[{"href":"https:\/\/www.muniancud.cl\/portal\/wp-json\/wp\/v2\/types\/post"}],"author":[{"embeddable":true,"href":"https:\/\/www.muniancud.cl\/portal\/wp-json\/wp\/v2\/users\/7"}],"replies":[{"embeddable":true,"href":"https:\/\/www.muniancud.cl\/portal\/wp-json\/wp\/v2\/comments?post=34486"}],"version-history":[{"count":1,"href":"https:\/\/www.muniancud.cl\/portal\/wp-json\/wp\/v2\/posts\/34486\/revisions"}],"predecessor-version":[{"id":34488,"href":"https:\/\/www.muniancud.cl\/portal\/wp-json\/wp\/v2\/posts\/34486\/revisions\/34488"}],"wp:featuredmedia":[{"embeddable":true,"href":"https:\/\/www.muniancud.cl\/portal\/wp-json\/wp\/v2\/media\/34487"}],"wp:attachment":[{"href":"https:\/\/www.muniancud.cl\/portal\/wp-json\/wp\/v2\/media?parent=34486"}],"wp:term":[{"taxonomy":"category","embeddable":true,"href":"https:\/\/www.muniancud.cl\/portal\/wp-json\/wp\/v2\/categories?post=34486"},{"taxonomy":"post_tag","embeddable":true,"href":"https:\/\/www.muniancud.cl\/portal\/wp-json\/wp\/v2\/tags?post=34486"}],"curies":[{"name":"wp","href":"https:\/\/api.w.org\/{rel}","templated":true}]}}