{"id":34495,"date":"2025-01-20T11:15:05","date_gmt":"2025-01-20T14:15:05","guid":{"rendered":"https:\/\/www.muniancud.cl\/portal\/?p=34495"},"modified":"2025-01-20T11:15:05","modified_gmt":"2025-01-20T14:15:05","slug":"apuntando-al-plan-bicentenario-recuerdan-el-tratado-de-tantauco","status":"publish","type":"post","link":"https:\/\/www.muniancud.cl\/portal\/apuntando-al-plan-bicentenario-recuerdan-el-tratado-de-tantauco\/","title":{"rendered":"Apuntando al Plan Bicentenario recuerdan el Tratado de Tantauco"},"content":{"rendered":"<p class=\"subhead\" data-reader-unique-id=\"subheadElement\"><span style=\"font-family: Verdana, Geneva, sans-serif; font-size: 15px; color: #222222;\">En el fuerte San Antonio de Ancud se llev\u00f3 cabo ayer la ceremonia de conmemoraci\u00f3n de los 199 a\u00f1os de la firma y confirmaci\u00f3n del Tratado de Tantauco, hito que catapult\u00f3 la anexi\u00f3n del archipi\u00e9lago de Chilo\u00e9 a la Rep\u00fablica de Chile.<\/span><\/p>\n<p data-reader-unique-id=\"4\">Durante la jornada participaron parlamentarios, alcaldes, seremis, concejales, representantes de pueblos originarios, dirigentes, comunidad, representantes del Ejecutivo y del Gobierno Regional (GORE), quienes coincidieron en la importancia de este hecho hist\u00f3rico.<\/p>\n<p data-reader-unique-id=\"5\">En la ocasi\u00f3n se record\u00f3 que fue mediante el acuerdo del Tratado de Tantauco que se puso fin a la anexi\u00f3n militar de la provincia conocido en aquella \u00e9poca como campa\u00f1as de Chilo\u00e9, este documento firmado hace 199 a\u00f1os ratific\u00f3 el traspaso de la soberan\u00eda del Archipi\u00e9lago del imperio hisp\u00e1nico representado por el \u00faltimo gobernador en Chilo\u00e9, Antonio de Quintanilla y a nombre de la naciente rep\u00fablica de Chile es ratificada por el general Ramon Freire.<\/p>\n<p data-reader-unique-id=\"6\">El alcalde de la comuna de Ancud, Andr\u00e9s Ojeda (indep.), indic\u00f3 que es muy importante tener presente que \u00abhace reci\u00e9n 200 a\u00f1os Chile someti\u00f3 a nuestro archipi\u00e9lago en guerra, para que un 19 de enero de 1826 hacer firmar el Tratado de Tantauco a nuestra gente. En ese tiempo se defend\u00eda a Espa\u00f1a y lo defend\u00eda todo Chilo\u00e9, incluso las comunidades ind\u00edgenas\u00bb, contextualiz\u00f3.<\/p>\n<p data-reader-unique-id=\"7\">Igualmente, el jefe consistorial enfatiz\u00f3 en la necesidad de impulsar con acciones concretas el Plan Bicentenario<\/p>\n<p data-reader-unique-id=\"8\">\u00abLo que queremos en Chilo\u00e9 es que las intenciones que tiene el Estado en materia de infraestructura se puedan concretar, uni\u00e9ndonos desde los gobiernos locales, las seremis, los consejeros regionales y toda la comunidad chilota para sacar este bicentenario adelante. Espero que nos podamos unir para sacar nuestra tierra adelante\u00bb, manifest\u00f3 el timonel. <img loading=\"lazy\" decoding=\"async\" class=\" wp-image-34497 aligncenter\" src=\"https:\/\/www.muniancud.cl\/portal\/wp-content\/uploads\/2025\/01\/9877E37F-6DE6-4DF1-B5D5-38119F121604_4_5005_c-300x225.jpeg\" alt=\"\" width=\"473\" height=\"355\" srcset=\"https:\/\/www.muniancud.cl\/portal\/wp-content\/uploads\/2025\/01\/9877E37F-6DE6-4DF1-B5D5-38119F121604_4_5005_c-300x225.jpeg 300w, https:\/\/www.muniancud.cl\/portal\/wp-content\/uploads\/2025\/01\/9877E37F-6DE6-4DF1-B5D5-38119F121604_4_5005_c-80x60.jpeg 80w, https:\/\/www.muniancud.cl\/portal\/wp-content\/uploads\/2025\/01\/9877E37F-6DE6-4DF1-B5D5-38119F121604_4_5005_c-265x198.jpeg 265w, https:\/\/www.muniancud.cl\/portal\/wp-content\/uploads\/2025\/01\/9877E37F-6DE6-4DF1-B5D5-38119F121604_4_5005_c.jpeg 480w\" sizes=\"auto, (max-width: 473px) 100vw, 473px\" \/><img loading=\"lazy\" decoding=\"async\" class=\" wp-image-34498 aligncenter\" src=\"https:\/\/www.muniancud.cl\/portal\/wp-content\/uploads\/2025\/01\/0B8ABFAE-A2B0-4259-A07E-5E4195DD8913_4_5005_c-300x225.jpeg\" alt=\"\" width=\"487\" height=\"365\" srcset=\"https:\/\/www.muniancud.cl\/portal\/wp-content\/uploads\/2025\/01\/0B8ABFAE-A2B0-4259-A07E-5E4195DD8913_4_5005_c-300x225.jpeg 300w, https:\/\/www.muniancud.cl\/portal\/wp-content\/uploads\/2025\/01\/0B8ABFAE-A2B0-4259-A07E-5E4195DD8913_4_5005_c-80x60.jpeg 80w, https:\/\/www.muniancud.cl\/portal\/wp-content\/uploads\/2025\/01\/0B8ABFAE-A2B0-4259-A07E-5E4195DD8913_4_5005_c-265x198.jpeg 265w, https:\/\/www.muniancud.cl\/portal\/wp-content\/uploads\/2025\/01\/0B8ABFAE-A2B0-4259-A07E-5E4195DD8913_4_5005_c.jpeg 480w\" sizes=\"auto, (max-width: 487px) 100vw, 487px\" \/><img loading=\"lazy\" decoding=\"async\" class=\" wp-image-34499 aligncenter\" src=\"https:\/\/www.muniancud.cl\/portal\/wp-content\/uploads\/2025\/01\/69850A3F-60AD-4E33-A8C1-01657C614EF2_4_5005_c-300x200.jpeg\" alt=\"\" width=\"501\" height=\"334\" srcset=\"https:\/\/www.muniancud.cl\/portal\/wp-content\/uploads\/2025\/01\/69850A3F-60AD-4E33-A8C1-01657C614EF2_4_5005_c-300x200.jpeg 300w, https:\/\/www.muniancud.cl\/portal\/wp-content\/uploads\/2025\/01\/69850A3F-60AD-4E33-A8C1-01657C614EF2_4_5005_c.jpeg 540w\" sizes=\"auto, (max-width: 501px) 100vw, 501px\" \/><img loading=\"lazy\" decoding=\"async\" class=\"wp-image-34500 aligncenter\" src=\"https:\/\/www.muniancud.cl\/portal\/wp-content\/uploads\/2025\/01\/740F4FFB-9FD5-4259-A04A-E5C5A4A3377F_4_5005_c-300x200.jpeg\" alt=\"\" width=\"536\" height=\"357\" srcset=\"https:\/\/www.muniancud.cl\/portal\/wp-content\/uploads\/2025\/01\/740F4FFB-9FD5-4259-A04A-E5C5A4A3377F_4_5005_c-300x200.jpeg 300w, https:\/\/www.muniancud.cl\/portal\/wp-content\/uploads\/2025\/01\/740F4FFB-9FD5-4259-A04A-E5C5A4A3377F_4_5005_c.jpeg 540w\" sizes=\"auto, (max-width: 536px) 100vw, 536px\" \/><img loading=\"lazy\" decoding=\"async\" class=\"wp-image-34501 aligncenter\" src=\"https:\/\/www.muniancud.cl\/portal\/wp-content\/uploads\/2025\/01\/091AF7E2-CF72-4090-ADF6-E86B05470A19_4_5005_c-300x200.jpeg\" alt=\"\" width=\"509\" height=\"339\" srcset=\"https:\/\/www.muniancud.cl\/portal\/wp-content\/uploads\/2025\/01\/091AF7E2-CF72-4090-ADF6-E86B05470A19_4_5005_c-300x200.jpeg 300w, https:\/\/www.muniancud.cl\/portal\/wp-content\/uploads\/2025\/01\/091AF7E2-CF72-4090-ADF6-E86B05470A19_4_5005_c.jpeg 540w\" sizes=\"auto, (max-width: 509px) 100vw, 509px\" \/><img loading=\"lazy\" decoding=\"async\" class=\" wp-image-34502 aligncenter\" src=\"https:\/\/www.muniancud.cl\/portal\/wp-content\/uploads\/2025\/01\/730BE57D-A4BC-45B8-933D-20247BDFDD33_4_5005_c-300x200.jpeg\" alt=\"\" width=\"480\" height=\"320\" srcset=\"https:\/\/www.muniancud.cl\/portal\/wp-content\/uploads\/2025\/01\/730BE57D-A4BC-45B8-933D-20247BDFDD33_4_5005_c-300x200.jpeg 300w, https:\/\/www.muniancud.cl\/portal\/wp-content\/uploads\/2025\/01\/730BE57D-A4BC-45B8-933D-20247BDFDD33_4_5005_c.jpeg 540w\" sizes=\"auto, (max-width: 480px) 100vw, 480px\" \/><\/p>\n","protected":false},"excerpt":{"rendered":"<p>En el fuerte San Antonio de Ancud se llev\u00f3 cabo ayer la ceremonia de conmemoraci\u00f3n de los 199 a\u00f1os de la firma y confirmaci\u00f3n del Tratado de Tantauco, hito que catapult\u00f3 la anexi\u00f3n del archipi\u00e9lago de Chilo\u00e9 a la Rep\u00fablica de Chile. Durante la jornada participaron parlamentarios, alcaldes, seremis, concejales, representantes de pueblos originarios, dirigentes, [&hellip;]<\/p>\n","protected":false},"author":7,"featured_media":34496,"comment_status":"closed","ping_status":"closed","sticky":false,"template":"","format":"standard","meta":{"footnotes":""},"categories":[4],"tags":[],"class_list":["post-34495","post","type-post","status-publish","format-standard","has-post-thumbnail","hentry","category-sala-de-prensa"],"_links":{"self":[{"href":"https:\/\/www.muniancud.cl\/portal\/wp-json\/wp\/v2\/posts\/34495","targetHints":{"allow":["GET"]}}],"collection":[{"href":"https:\/\/www.muniancud.cl\/portal\/wp-json\/wp\/v2\/posts"}],"about":[{"href":"https:\/\/www.muniancud.cl\/portal\/wp-json\/wp\/v2\/types\/post"}],"author":[{"embeddable":true,"href":"https:\/\/www.muniancud.cl\/portal\/wp-json\/wp\/v2\/users\/7"}],"replies":[{"embeddable":true,"href":"https:\/\/www.muniancud.cl\/portal\/wp-json\/wp\/v2\/comments?post=34495"}],"version-history":[{"count":1,"href":"https:\/\/www.muniancud.cl\/portal\/wp-json\/wp\/v2\/posts\/34495\/revisions"}],"predecessor-version":[{"id":34503,"href":"https:\/\/www.muniancud.cl\/portal\/wp-json\/wp\/v2\/posts\/34495\/revisions\/34503"}],"wp:featuredmedia":[{"embeddable":true,"href":"https:\/\/www.muniancud.cl\/portal\/wp-json\/wp\/v2\/media\/34496"}],"wp:attachment":[{"href":"https:\/\/www.muniancud.cl\/portal\/wp-json\/wp\/v2\/media?parent=34495"}],"wp:term":[{"taxonomy":"category","embeddable":true,"href":"https:\/\/www.muniancud.cl\/portal\/wp-json\/wp\/v2\/categories?post=34495"},{"taxonomy":"post_tag","embeddable":true,"href":"https:\/\/www.muniancud.cl\/portal\/wp-json\/wp\/v2\/tags?post=34495"}],"curies":[{"name":"wp","href":"https:\/\/api.w.org\/{rel}","templated":true}]}}