{"id":34509,"date":"2025-01-17T11:21:12","date_gmt":"2025-01-17T14:21:12","guid":{"rendered":"https:\/\/www.muniancud.cl\/portal\/?p=34509"},"modified":"2025-01-20T11:22:20","modified_gmt":"2025-01-20T14:22:20","slug":"muestra-de-ancud-encabeza-las-fiestas-costumbristas-de-este-fin-de-semana","status":"publish","type":"post","link":"https:\/\/www.muniancud.cl\/portal\/muestra-de-ancud-encabeza-las-fiestas-costumbristas-de-este-fin-de-semana\/","title":{"rendered":"Muestra de Ancud encabeza las fiestas costumbristas de este fin de semana"},"content":{"rendered":"<p data-reader-unique-id=\"3\">Avanza el calendario de las festividades costumbristas en la provincia de Chilo\u00e9 y para este fin de semana las distintas comunas del Archipi\u00e9lagos esperan a sus visitantes con m\u00e1s de una decena de panoramas festivos, de acuerdo a los programas oficiales.<\/p>\n<p data-reader-unique-id=\"4\">Comenzando por el norte de la Isla, en la comuna de Ancud, hoy comienza la Muestra Costumbrista Gastron\u00f3mica y Folcl\u00f3rica que se desarrollar\u00e1 en el Parque Municipal Bellavista hasta el domingo 19; festividad que cuenta con variedad en comidas t\u00edpicas y otros atractivos. Asimismo, durante el 18 y 19, tambi\u00e9n se llevar\u00e1 a cabo la Muestra Costumbrista El Quilar.<\/p>\n<p data-reader-unique-id=\"5\">En ese sentido, Paola Moraga, secretaria ejecutiva de la Corporaci\u00f3n Cultural de Ancud, convid\u00f3 a chilotes y turistas del pa\u00eds y del exterior para que se acerquen a la mayor festividad costumbrista del a\u00f1o en este territorio comunal.<\/p>\n<p data-reader-unique-id=\"6\">\u00abTendremos diferentes platos para degustar como el curanto al hoyo, cazuela de gallina y vacuno y otros; junto a destacados folcloristas, artesan\u00eda en madera, lana y sus derivados, todo para que pase una jornada agradable\u00bb, mencion\u00f3.<\/p>\n<p data-reader-unique-id=\"7\">Entre los colectivos participantes est\u00e1n Agrupaci\u00f3n Cultural New\u00e9n, Agrupaci\u00f3n Tradiciones Chilotas, Agrupaci\u00f3n de Reservistas San Carlos, Club Deportivo Taiguien, Club Deportivo Escuela Juventus, Club Deportivo Pudeto, Club Deportivo F\u00e1tima, Club Deportivo El Pilar Varones, Club Deportivo Llanco, Conjunto Folcl\u00f3rico Aitu\u00e9, Comunidad Ind\u00edgena Kimche Mapu, Comunidad Ind\u00edgena Wente Kaul\u00edn, Junta de Vecinos de Calle, Junta de Vecinos de El Tepual y el Sindicato de Pescadores Pupelde Borde Costero Catrum\u00e1n.<\/p>\n","protected":false},"excerpt":{"rendered":"<p>Avanza el calendario de las festividades costumbristas en la provincia de Chilo\u00e9 y para este fin de semana las distintas comunas del Archipi\u00e9lagos esperan a sus visitantes con m\u00e1s de una decena de panoramas festivos, de acuerdo a los programas oficiales. Comenzando por el norte de la Isla, en la comuna de Ancud, hoy comienza [&hellip;]<\/p>\n","protected":false},"author":7,"featured_media":34506,"comment_status":"closed","ping_status":"closed","sticky":false,"template":"","format":"standard","meta":{"footnotes":""},"categories":[4],"tags":[],"class_list":["post-34509","post","type-post","status-publish","format-standard","has-post-thumbnail","hentry","category-sala-de-prensa"],"_links":{"self":[{"href":"https:\/\/www.muniancud.cl\/portal\/wp-json\/wp\/v2\/posts\/34509","targetHints":{"allow":["GET"]}}],"collection":[{"href":"https:\/\/www.muniancud.cl\/portal\/wp-json\/wp\/v2\/posts"}],"about":[{"href":"https:\/\/www.muniancud.cl\/portal\/wp-json\/wp\/v2\/types\/post"}],"author":[{"embeddable":true,"href":"https:\/\/www.muniancud.cl\/portal\/wp-json\/wp\/v2\/users\/7"}],"replies":[{"embeddable":true,"href":"https:\/\/www.muniancud.cl\/portal\/wp-json\/wp\/v2\/comments?post=34509"}],"version-history":[{"count":1,"href":"https:\/\/www.muniancud.cl\/portal\/wp-json\/wp\/v2\/posts\/34509\/revisions"}],"predecessor-version":[{"id":34510,"href":"https:\/\/www.muniancud.cl\/portal\/wp-json\/wp\/v2\/posts\/34509\/revisions\/34510"}],"wp:featuredmedia":[{"embeddable":true,"href":"https:\/\/www.muniancud.cl\/portal\/wp-json\/wp\/v2\/media\/34506"}],"wp:attachment":[{"href":"https:\/\/www.muniancud.cl\/portal\/wp-json\/wp\/v2\/media?parent=34509"}],"wp:term":[{"taxonomy":"category","embeddable":true,"href":"https:\/\/www.muniancud.cl\/portal\/wp-json\/wp\/v2\/categories?post=34509"},{"taxonomy":"post_tag","embeddable":true,"href":"https:\/\/www.muniancud.cl\/portal\/wp-json\/wp\/v2\/tags?post=34509"}],"curies":[{"name":"wp","href":"https:\/\/api.w.org\/{rel}","templated":true}]}}