{"id":34586,"date":"2025-01-23T19:51:40","date_gmt":"2025-01-23T22:51:40","guid":{"rendered":"https:\/\/www.muniancud.cl\/portal\/?p=34586"},"modified":"2025-01-23T23:51:54","modified_gmt":"2025-01-24T02:51:54","slug":"licitacion-concesion-banos-publicos-costanera-comuna-de-ancud","status":"publish","type":"post","link":"https:\/\/www.muniancud.cl\/portal\/licitacion-concesion-banos-publicos-costanera-comuna-de-ancud\/","title":{"rendered":"Licitaci\u00f3n: Concesi\u00f3n ba\u00f1os p\u00fablicos costanera comuna de Ancud"},"content":{"rendered":"<div class=\"wpb-content-wrapper\"><p>[vc_row][vc_column][vc_message message_box_style=\u00bbsolid\u00bb message_box_color=\u00bbgreen\u00bb]Estado de la Licitaci\u00f3n: Abierto[\/vc_message]<div class=\"td_block_wrap td_block_text_with_title td_uid_1_69f19c5be30f9_rand td-pb-border-top td_block_template_8\"  data-td-block-uid=\"td_uid_1_69f19c5be30f9\" ><div class=\"td-block-title-wrap\"><h4 class=\"td-block-title\"><span>Descarga de Documentos<\/span><\/h4><\/div><div class=\"td_mod_wrap td-fix-index\"><\/div><\/div>[vc_tta_accordion style=\u00bbflat\u00bb c_icon=\u00bbchevron\u00bb active_section=\u00bb1&#8243;][vc_tta_section title=\u00bbPublicaci\u00f3n\u00bb tab_id=\u00bb1569501348920-7ae695ac-932abfc9-bf4fd03a-1bc88e4b-b6eb\u00bb][vc_btn title=\u00bbBases Administrativas\u00bb style=\u00bbflat\u00bb color=\u00bbprimary\u00bb align=\u00bbleft\u00bb i_icon_fontawesome=\u00bbfas fa-cloud-download-alt\u00bb css=\u00bb\u00bb button_block=\u00bbtrue\u00bb add_icon=\u00bbtrue\u00bb link=\u00bburl:https%3A%2F%2Fwww.muniancud.cl%2Fportal%2Fwp-content%2Fuploads%2F2025%2F01%2FBases-concesion-banos-costanera.pdf|target:_blank\u00bb][vc_btn title=\u00bbDecreto\u00bb style=\u00bbflat\u00bb color=\u00bbprimary\u00bb align=\u00bbleft\u00bb i_icon_fontawesome=\u00bbfas fa-cloud-download-alt\u00bb css=\u00bb\u00bb button_block=\u00bbtrue\u00bb add_icon=\u00bbtrue\u00bb link=\u00bburl:https%3A%2F%2Fwww.muniancud.cl%2Fportal%2Fwp-content%2Fuploads%2F2025%2F01%2FDECRETO-EXT-70.pdf|target:_blank\u00bb][\/vc_tta_section][vc_tta_section title=\u00bbResultado\u00bb tab_id=\u00bb1642507900820-ec839523-7e7bbfc9-bf4fd03a-1bc88e4b-b6eb\u00bb][vc_row_inner disable_element=\u00bbyes\u00bb][vc_column_inner][vc_btn title=\u00bbDocumentos Resultado\u00bb style=\u00bbflat\u00bb color=\u00bbprimary\u00bb align=\u00bbleft\u00bb i_icon_fontawesome=\u00bbfas fa-cloud-download-alt\u00bb button_block=\u00bbtrue\u00bb add_icon=\u00bbtrue\u00bb link=\u00bbtarget:_blank\u00bb][\/vc_column_inner][\/vc_row_inner][\/vc_tta_section][\/vc_tta_accordion][\/vc_column][\/vc_row]<\/p>\n<\/div>","protected":false},"excerpt":{"rendered":"<p>[vc_row][vc_column][vc_message message_box_style=\u00bbsolid\u00bb message_box_color=\u00bbgreen\u00bb]Estado de la Licitaci\u00f3n: Abierto[\/vc_message][vc_tta_accordion style=\u00bbflat\u00bb c_icon=\u00bbchevron\u00bb active_section=\u00bb1&#8243;][vc_tta_section title=\u00bbPublicaci\u00f3n\u00bb tab_id=\u00bb1569501348920-7ae695ac-932abfc9-bf4fd03a-1bc88e4b-b6eb\u00bb][vc_btn title=\u00bbBases Administrativas\u00bb style=\u00bbflat\u00bb color=\u00bbprimary\u00bb align=\u00bbleft\u00bb i_icon_fontawesome=\u00bbfas fa-cloud-download-alt\u00bb css=\u00bb\u00bb button_block=\u00bbtrue\u00bb add_icon=\u00bbtrue\u00bb link=\u00bburl:https%3A%2F%2Fwww.muniancud.cl%2Fportal%2Fwp-content%2Fuploads%2F2025%2F01%2FBases-concesion-banos-costanera.pdf|target:_blank\u00bb][vc_btn title=\u00bbDecreto\u00bb style=\u00bbflat\u00bb color=\u00bbprimary\u00bb align=\u00bbleft\u00bb i_icon_fontawesome=\u00bbfas fa-cloud-download-alt\u00bb css=\u00bb\u00bb button_block=\u00bbtrue\u00bb add_icon=\u00bbtrue\u00bb link=\u00bburl:https%3A%2F%2Fwww.muniancud.cl%2Fportal%2Fwp-content%2Fuploads%2F2025%2F01%2FDECRETO-EXT-70.pdf|target:_blank\u00bb][\/vc_tta_section][vc_tta_section title=\u00bbResultado\u00bb tab_id=\u00bb1642507900820-ec839523-7e7bbfc9-bf4fd03a-1bc88e4b-b6eb\u00bb][vc_row_inner disable_element=\u00bbyes\u00bb][vc_column_inner][vc_btn title=\u00bbDocumentos Resultado\u00bb style=\u00bbflat\u00bb color=\u00bbprimary\u00bb align=\u00bbleft\u00bb i_icon_fontawesome=\u00bbfas fa-cloud-download-alt\u00bb button_block=\u00bbtrue\u00bb add_icon=\u00bbtrue\u00bb link=\u00bbtarget:_blank\u00bb][\/vc_column_inner][\/vc_row_inner][\/vc_tta_section][\/vc_tta_accordion][\/vc_column][\/vc_row]<\/p>\n","protected":false},"author":1,"featured_media":23146,"comment_status":"closed","ping_status":"closed","sticky":false,"template":"","format":"standard","meta":{"footnotes":""},"categories":[21],"tags":[],"class_list":["post-34586","post","type-post","status-publish","format-standard","has-post-thumbnail","hentry","category-licitaciones-publicas"],"_links":{"self":[{"href":"https:\/\/www.muniancud.cl\/portal\/wp-json\/wp\/v2\/posts\/34586","targetHints":{"allow":["GET"]}}],"collection":[{"href":"https:\/\/www.muniancud.cl\/portal\/wp-json\/wp\/v2\/posts"}],"about":[{"href":"https:\/\/www.muniancud.cl\/portal\/wp-json\/wp\/v2\/types\/post"}],"author":[{"embeddable":true,"href":"https:\/\/www.muniancud.cl\/portal\/wp-json\/wp\/v2\/users\/1"}],"replies":[{"embeddable":true,"href":"https:\/\/www.muniancud.cl\/portal\/wp-json\/wp\/v2\/comments?post=34586"}],"version-history":[{"count":1,"href":"https:\/\/www.muniancud.cl\/portal\/wp-json\/wp\/v2\/posts\/34586\/revisions"}],"predecessor-version":[{"id":34589,"href":"https:\/\/www.muniancud.cl\/portal\/wp-json\/wp\/v2\/posts\/34586\/revisions\/34589"}],"wp:featuredmedia":[{"embeddable":true,"href":"https:\/\/www.muniancud.cl\/portal\/wp-json\/wp\/v2\/media\/23146"}],"wp:attachment":[{"href":"https:\/\/www.muniancud.cl\/portal\/wp-json\/wp\/v2\/media?parent=34586"}],"wp:term":[{"taxonomy":"category","embeddable":true,"href":"https:\/\/www.muniancud.cl\/portal\/wp-json\/wp\/v2\/categories?post=34586"},{"taxonomy":"post_tag","embeddable":true,"href":"https:\/\/www.muniancud.cl\/portal\/wp-json\/wp\/v2\/tags?post=34586"}],"curies":[{"name":"wp","href":"https:\/\/api.w.org\/{rel}","templated":true}]}}