{"id":34646,"date":"2025-02-04T09:56:03","date_gmt":"2025-02-04T12:56:03","guid":{"rendered":"https:\/\/www.muniancud.cl\/portal\/?p=34646"},"modified":"2025-02-04T09:56:03","modified_gmt":"2025-02-04T12:56:03","slug":"tercera-exposicion-mareas-culturales-chacao","status":"publish","type":"post","link":"https:\/\/www.muniancud.cl\/portal\/tercera-exposicion-mareas-culturales-chacao\/","title":{"rendered":"TERCERA EXPOSICI\u00d3N MAREAS CULTURALES CHACAO"},"content":{"rendered":"<p>En la Glorieta de Chacao se est\u00e1 desarrollando la Tercera Exposici\u00f3n \u00abMareas Culturales\u00bb organizado por la Agrupaci\u00f3n Juvenil de esa localidad, la que se inaugur\u00f3 este lunes con la presencia del alcalde Andr\u00e9s Ojeda, La Secretaria Ejecutiva de la Corporaci\u00f3n Cultural Paola Moraga, la Coordinadora de Dideco Ruth Caicheo, el Concejal Pablo Vargas, invitados especiales y la comunidad.<\/p>\n<p>En la ocasi\u00f3n se present\u00f3 el grupo folcl\u00f3rico Amulen de Ko\u00f1im\u00f3, una exposici\u00f3n de fot\u00f3grafos, la participaci\u00f3n de una solista Eco del Viento y cerr\u00f3 el encuentro con la presentaci\u00f3n musical del grupo juvenil organizador.<\/p>\n<p>Josefa Curumilla presidenta de la Agrupaci\u00f3n Juvenil Villa Chacao resalt\u00f3 la iniciativa, \u201cnuestro evento mareas culturales que por primer a\u00f1o tiene un nombre, ha sido muy bien acogido por la comunidad. Es la tercera exposici\u00f3n fotogr\u00e1fica y lo planteamos que ha futuro sea un espacio importante de la cultura a nivel nacional y ojal\u00e1 internacional\u201d, apunt\u00f3.<\/p>\n<p>Agreg\u00f3 la misma fuente que se desarrollar\u00e1n otras actividades durante la semana como cuenta cuento, zumba ,conversatorios, juegos orig<img loading=\"lazy\" decoding=\"async\" class=\"alignnone size-full wp-image-34648\" src=\"https:\/\/www.muniancud.cl\/portal\/wp-content\/uploads\/2025\/02\/819f5f64-ebbb-4885-8784-932c1945aa4a.jpg\" alt=\"\" width=\"1600\" height=\"1200\" srcset=\"https:\/\/www.muniancud.cl\/portal\/wp-content\/uploads\/2025\/02\/819f5f64-ebbb-4885-8784-932c1945aa4a.jpg 1600w, https:\/\/www.muniancud.cl\/portal\/wp-content\/uploads\/2025\/02\/819f5f64-ebbb-4885-8784-932c1945aa4a-300x225.jpg 300w, https:\/\/www.muniancud.cl\/portal\/wp-content\/uploads\/2025\/02\/819f5f64-ebbb-4885-8784-932c1945aa4a-1024x768.jpg 1024w, https:\/\/www.muniancud.cl\/portal\/wp-content\/uploads\/2025\/02\/819f5f64-ebbb-4885-8784-932c1945aa4a-768x576.jpg 768w, https:\/\/www.muniancud.cl\/portal\/wp-content\/uploads\/2025\/02\/819f5f64-ebbb-4885-8784-932c1945aa4a-1536x1152.jpg 1536w, https:\/\/www.muniancud.cl\/portal\/wp-content\/uploads\/2025\/02\/819f5f64-ebbb-4885-8784-932c1945aa4a-80x60.jpg 80w, https:\/\/www.muniancud.cl\/portal\/wp-content\/uploads\/2025\/02\/819f5f64-ebbb-4885-8784-932c1945aa4a-265x198.jpg 265w, https:\/\/www.muniancud.cl\/portal\/wp-content\/uploads\/2025\/02\/819f5f64-ebbb-4885-8784-932c1945aa4a-696x522.jpg 696w, https:\/\/www.muniancud.cl\/portal\/wp-content\/uploads\/2025\/02\/819f5f64-ebbb-4885-8784-932c1945aa4a-1068x801.jpg 1068w, https:\/\/www.muniancud.cl\/portal\/wp-content\/uploads\/2025\/02\/819f5f64-ebbb-4885-8784-932c1945aa4a-560x420.jpg 560w\" sizes=\"auto, (max-width: 1600px) 100vw, 1600px\" \/>inarios, mateada con exposici\u00f3n documental cruce canal de chacao, presentaci\u00f3n de acordeonista culminando con las actividades el s\u00e1bado 8 de febrero con el destape de un mural consensuado con los vecinos frente a la Alcald\u00eda de Mar en Chacao.<\/p>\n<p>&nbsp;<\/p>\n","protected":false},"excerpt":{"rendered":"<p>En la Glorieta de Chacao se est\u00e1 desarrollando la Tercera Exposici\u00f3n \u00abMareas Culturales\u00bb organizado por la Agrupaci\u00f3n Juvenil de esa localidad, la que se inaugur\u00f3 este lunes con la presencia del alcalde Andr\u00e9s Ojeda, La Secretaria Ejecutiva de la Corporaci\u00f3n Cultural Paola Moraga, la Coordinadora de Dideco Ruth Caicheo, el Concejal Pablo Vargas, invitados especiales [&hellip;]<\/p>\n","protected":false},"author":11,"featured_media":34647,"comment_status":"closed","ping_status":"closed","sticky":false,"template":"","format":"standard","meta":{"footnotes":""},"categories":[26,27,4],"tags":[],"class_list":["post-34646","post","type-post","status-publish","format-standard","has-post-thumbnail","hentry","category-cultura","category-dideco","category-sala-de-prensa"],"_links":{"self":[{"href":"https:\/\/www.muniancud.cl\/portal\/wp-json\/wp\/v2\/posts\/34646","targetHints":{"allow":["GET"]}}],"collection":[{"href":"https:\/\/www.muniancud.cl\/portal\/wp-json\/wp\/v2\/posts"}],"about":[{"href":"https:\/\/www.muniancud.cl\/portal\/wp-json\/wp\/v2\/types\/post"}],"author":[{"embeddable":true,"href":"https:\/\/www.muniancud.cl\/portal\/wp-json\/wp\/v2\/users\/11"}],"replies":[{"embeddable":true,"href":"https:\/\/www.muniancud.cl\/portal\/wp-json\/wp\/v2\/comments?post=34646"}],"version-history":[{"count":1,"href":"https:\/\/www.muniancud.cl\/portal\/wp-json\/wp\/v2\/posts\/34646\/revisions"}],"predecessor-version":[{"id":34649,"href":"https:\/\/www.muniancud.cl\/portal\/wp-json\/wp\/v2\/posts\/34646\/revisions\/34649"}],"wp:featuredmedia":[{"embeddable":true,"href":"https:\/\/www.muniancud.cl\/portal\/wp-json\/wp\/v2\/media\/34647"}],"wp:attachment":[{"href":"https:\/\/www.muniancud.cl\/portal\/wp-json\/wp\/v2\/media?parent=34646"}],"wp:term":[{"taxonomy":"category","embeddable":true,"href":"https:\/\/www.muniancud.cl\/portal\/wp-json\/wp\/v2\/categories?post=34646"},{"taxonomy":"post_tag","embeddable":true,"href":"https:\/\/www.muniancud.cl\/portal\/wp-json\/wp\/v2\/tags?post=34646"}],"curies":[{"name":"wp","href":"https:\/\/api.w.org\/{rel}","templated":true}]}}