{"id":34661,"date":"2025-02-10T09:38:36","date_gmt":"2025-02-10T12:38:36","guid":{"rendered":"https:\/\/www.muniancud.cl\/portal\/?p=34661"},"modified":"2025-02-10T09:38:36","modified_gmt":"2025-02-10T12:38:36","slug":"se-realizaran-conservacion-camino-basico-ruta-nal-yuste-fuerte-ahui","status":"publish","type":"post","link":"https:\/\/www.muniancud.cl\/portal\/se-realizaran-conservacion-camino-basico-ruta-nal-yuste-fuerte-ahui\/","title":{"rendered":"Se realizar\u00e1n conservaci\u00f3n camino b\u00e1sico ruta Nal-Yuste, Fuerte Ahui"},"content":{"rendered":"<p>Se realizar\u00e1n conservaci\u00f3n camino b\u00e1sico ruta Nal-Yuste, Fuerte Ahui.<\/p>\n<p>Una reuni\u00f3n de trabajo sostuvieron los dirigentes de los diversos sectores rurales de la pen\u00ednsula de Lacuy para analizar los proyectos de conservaci\u00f3n de rutas en Cocotu\u00e9 con autoridades de Vialidad Regional y Provincial, el alcalde Ancud Andr\u00e9s Ojeda, los Consejeros Regionales Nelson \u00c1guila, Fredy Gallardo y Javier cabello, m\u00e1s los Concejales Pablo Vargas, Jaime Chepillo y Javier C\u00e1rdenas.<\/p>\n<p>Seg\u00fan detall\u00f3 el dirigente Miguel Br\u00fcle conformaron una organizaci\u00f3n con representantes de casi todos los sectores rurales y fue la oportunidad para informar cu\u00e1les ser\u00e1n las rutas elegidas en primera instancia para su arreglo.<\/p>\n<p>\u201cLa buena noticia es que est\u00e1 aprobado la terminaci\u00f3n del camino por conservaci\u00f3n Nal-Yuste-Fuerte Ahui, son 1800 millones para que la empresa firme estos d\u00edas, ya est\u00e1 en la contralor\u00eda t\u00f3mese raz\u00f3n ya la empresa se estar\u00eda instalando por marzo o abril. Y por qu\u00e9 este camino, porque ese fue el primero que se empez\u00f3 a trabajar\u201d, recalc\u00f3 el dirigente.<\/p>\n<p>Adem\u00e1s se inform\u00f3 a la comunidad con respecto al tramo con carpeta de ripio de la Ruta Ancud-Quetalmahue, Circulaci\u00f3n Guab\u00fan se encuentra incluido dentro de la priorizaci\u00f3n del plan de pavimentaciones rurales elaborado por la direcci\u00f3n de vialidad.<\/p>\n","protected":false},"excerpt":{"rendered":"<p>Se realizar\u00e1n conservaci\u00f3n camino b\u00e1sico ruta Nal-Yuste, Fuerte Ahui. Una reuni\u00f3n de trabajo sostuvieron los dirigentes de los diversos sectores rurales de la pen\u00ednsula de Lacuy para analizar los proyectos de conservaci\u00f3n de rutas en Cocotu\u00e9 con autoridades de Vialidad Regional y Provincial, el alcalde Ancud Andr\u00e9s Ojeda, los Consejeros Regionales Nelson \u00c1guila, Fredy Gallardo [&hellip;]<\/p>\n","protected":false},"author":11,"featured_media":34662,"comment_status":"closed","ping_status":"closed","sticky":false,"template":"","format":"standard","meta":{"footnotes":""},"categories":[30,4],"tags":[],"class_list":["post-34661","post","type-post","status-publish","format-standard","has-post-thumbnail","hentry","category-operaciones","category-sala-de-prensa"],"_links":{"self":[{"href":"https:\/\/www.muniancud.cl\/portal\/wp-json\/wp\/v2\/posts\/34661","targetHints":{"allow":["GET"]}}],"collection":[{"href":"https:\/\/www.muniancud.cl\/portal\/wp-json\/wp\/v2\/posts"}],"about":[{"href":"https:\/\/www.muniancud.cl\/portal\/wp-json\/wp\/v2\/types\/post"}],"author":[{"embeddable":true,"href":"https:\/\/www.muniancud.cl\/portal\/wp-json\/wp\/v2\/users\/11"}],"replies":[{"embeddable":true,"href":"https:\/\/www.muniancud.cl\/portal\/wp-json\/wp\/v2\/comments?post=34661"}],"version-history":[{"count":1,"href":"https:\/\/www.muniancud.cl\/portal\/wp-json\/wp\/v2\/posts\/34661\/revisions"}],"predecessor-version":[{"id":34663,"href":"https:\/\/www.muniancud.cl\/portal\/wp-json\/wp\/v2\/posts\/34661\/revisions\/34663"}],"wp:featuredmedia":[{"embeddable":true,"href":"https:\/\/www.muniancud.cl\/portal\/wp-json\/wp\/v2\/media\/34662"}],"wp:attachment":[{"href":"https:\/\/www.muniancud.cl\/portal\/wp-json\/wp\/v2\/media?parent=34661"}],"wp:term":[{"taxonomy":"category","embeddable":true,"href":"https:\/\/www.muniancud.cl\/portal\/wp-json\/wp\/v2\/categories?post=34661"},{"taxonomy":"post_tag","embeddable":true,"href":"https:\/\/www.muniancud.cl\/portal\/wp-json\/wp\/v2\/tags?post=34661"}],"curies":[{"name":"wp","href":"https:\/\/api.w.org\/{rel}","templated":true}]}}