{"id":34713,"date":"2025-02-12T17:05:40","date_gmt":"2025-02-12T20:05:40","guid":{"rendered":"https:\/\/www.muniancud.cl\/portal\/?p=34713"},"modified":"2025-02-12T17:05:40","modified_gmt":"2025-02-12T20:05:40","slug":"con-miras-al-desarrollo-chacao-celebro-458-anos-de-vida","status":"publish","type":"post","link":"https:\/\/www.muniancud.cl\/portal\/con-miras-al-desarrollo-chacao-celebro-458-anos-de-vida\/","title":{"rendered":"Con miras al desarrollo Chacao celebr\u00f3 458 a\u00f1os de vida"},"content":{"rendered":"<p>Villa Chacao fundada como fuerte en 1567 por los conquistadores espa\u00f1oles con el nombre de San Antonio de Chacao, creci\u00f3 como localidad en sus primeros dos siglos hasta transformarse en un peque\u00f1o poblado. A partir de 1655 se convierte en la residencia del Gobernador y de las tropas asentadas en Carelmapu. Pasan a ser en los a\u00f1os siguientes la principal posici\u00f3n militar de la Provincia de Chilo\u00e9.<\/p>\n<p>Esta importancia es reafirmada por la presencia del llamado \u201cPalacio del Rey\u201d, construcci\u00f3n en madera de dos pisos defendida por cuatro ca\u00f1ones que operaba como residencia de los Gobernadores de Chilo\u00e9 y de los cuales existen registros desde 1740. En el a\u00f1o 1741 el navegante ingl\u00e9s Jhon Byron es mantenido prisionero en esta localidad, describi\u00e9ndola posteriormente como cabecera militar del archipi\u00e9lago, por ser un lugar de residencia del Gobernador de Chilo\u00e9.<\/p>\n<p>Dirigente<\/p>\n<p>La Villa San Antonio de Chacao no solo se ha destacado por ser una de las localidades m\u00e1s antiguas del Archipi\u00e9lago de Chilo\u00e9, sino tambi\u00e9n, por la particularidad de su gente, instituciones, costumbres, cultura e historia.<\/p>\n<p>Con esta mirada, la Presidenta de la Junta de Vecinos de Chacao Marilinda Quiroz en la ceremonia de celebraci\u00f3n de los 458 a\u00f1os de la Villa, enfatiz\u00f3 que tienen una comunidad que quiere avanzar y crecer, pero el progreso le ha sido esquivo para un territorio que re\u00fane a 8 mil habitantes aproximadamente.<\/p>\n<p>\u201cSolicitamos lo que nos merecemos; nuestras calles pavimentadas, un centro de salud familiar, un colegio de educaci\u00f3n media para nuestros ni\u00f1os y ni\u00f1as. La segunda etapa del paseo costero, una feria artesanal y algo que se puede ver muy simple; contar con un cajero autom\u00e1tico. Nada de lo nombrado escapa de lo b\u00e1sico que cada pueblo debe tener para su desarrollo\u201d, sentenci\u00f3.<\/p>\n<p>Por su parte el alcalde de Ancud Andr\u00e9s Ojeda, quien es oriundo del lugar, asever\u00f3 que las necesidades expresadas por la dirigente son sue\u00f1os de largo tiempo en el territorio.<\/p>\n<p>\u201cChacao es el ejemplo de la grandeza de la historia, pero por otro lado, de la pobreza y precariedad de lo que no se ha hecho de parte del estado de Chile y de parte de nuestras autoridades en el tiempo, 458 a\u00f1os\u201d, lament\u00f3.<\/p>\n<p>La m\u00e1xima autoridad comunal, prosigui\u00f3 diciendo, \u201ccreo que estamos al debe y hoy d\u00eda tenemos una tremenda responsabilidad, no solamente m\u00edo, sino del Concejo Municipal, de los dirigentes, vecinos Y funcionarios municipales porque todos somos un equipo. Felicitaciones a todo los chacainos y chacainas, vamos a trabajar estos cuatro a\u00f1os para sacar adelante a Ancud y tambi\u00e9n a Chacao ya que son parte de la comuna de Ancud\u201d, apunt\u00f3.<\/p>\n","protected":false},"excerpt":{"rendered":"<p>Villa Chacao fundada como fuerte en 1567 por los conquistadores espa\u00f1oles con el nombre de San Antonio de Chacao, creci\u00f3 como localidad en sus primeros dos siglos hasta transformarse en un peque\u00f1o poblado. A partir de 1655 se convierte en la residencia del Gobernador y de las tropas asentadas en Carelmapu. Pasan a ser en [&hellip;]<\/p>\n","protected":false},"author":11,"featured_media":34714,"comment_status":"closed","ping_status":"closed","sticky":false,"template":"","format":"standard","meta":{"footnotes":""},"categories":[26,4,31,36],"tags":[],"class_list":["post-34713","post","type-post","status-publish","format-standard","has-post-thumbnail","hentry","category-cultura","category-sala-de-prensa","category-seguridad-publica","category-turismo"],"_links":{"self":[{"href":"https:\/\/www.muniancud.cl\/portal\/wp-json\/wp\/v2\/posts\/34713","targetHints":{"allow":["GET"]}}],"collection":[{"href":"https:\/\/www.muniancud.cl\/portal\/wp-json\/wp\/v2\/posts"}],"about":[{"href":"https:\/\/www.muniancud.cl\/portal\/wp-json\/wp\/v2\/types\/post"}],"author":[{"embeddable":true,"href":"https:\/\/www.muniancud.cl\/portal\/wp-json\/wp\/v2\/users\/11"}],"replies":[{"embeddable":true,"href":"https:\/\/www.muniancud.cl\/portal\/wp-json\/wp\/v2\/comments?post=34713"}],"version-history":[{"count":1,"href":"https:\/\/www.muniancud.cl\/portal\/wp-json\/wp\/v2\/posts\/34713\/revisions"}],"predecessor-version":[{"id":34715,"href":"https:\/\/www.muniancud.cl\/portal\/wp-json\/wp\/v2\/posts\/34713\/revisions\/34715"}],"wp:featuredmedia":[{"embeddable":true,"href":"https:\/\/www.muniancud.cl\/portal\/wp-json\/wp\/v2\/media\/34714"}],"wp:attachment":[{"href":"https:\/\/www.muniancud.cl\/portal\/wp-json\/wp\/v2\/media?parent=34713"}],"wp:term":[{"taxonomy":"category","embeddable":true,"href":"https:\/\/www.muniancud.cl\/portal\/wp-json\/wp\/v2\/categories?post=34713"},{"taxonomy":"post_tag","embeddable":true,"href":"https:\/\/www.muniancud.cl\/portal\/wp-json\/wp\/v2\/tags?post=34713"}],"curies":[{"name":"wp","href":"https:\/\/api.w.org\/{rel}","templated":true}]}}