{"id":34734,"date":"2025-02-14T17:20:36","date_gmt":"2025-02-14T20:20:36","guid":{"rendered":"https:\/\/www.muniancud.cl\/portal\/?p=34734"},"modified":"2025-02-14T17:20:36","modified_gmt":"2025-02-14T20:20:36","slug":"exitoso-primer-festival-pudu-fest","status":"publish","type":"post","link":"https:\/\/www.muniancud.cl\/portal\/exitoso-primer-festival-pudu-fest\/","title":{"rendered":"Exitoso primer festival Pud\u00fa Fest"},"content":{"rendered":"<p>Gran cantidad de vecinos y visitantes participaron del \u00a0primer festival Pud\u00fa Fest desarrollado en la Plaza de Armas de Ancud organizado por Chilo\u00e9 Silvestre, apoyado por la Corporaci\u00f3n Cultural, la Municipalidad a trav\u00e9s de la Direcci\u00f3n de Turismo y Fomento (Ditufop), La Direcci\u00f3n de Medio Ambiente, Aseo y Ornato (Dimao), cuyo objetivo busc\u00f3 visibilizar y sensibilizar a la poblaci\u00f3n para cuidar y preservar la biodiversidad.<\/p>\n<p>Conciencia<\/p>\n<p>Darlin Fuentealba encargada de Educaci\u00f3n Chilo\u00e9 Silvestre expres\u00f3 su satisfacci\u00f3n por la concurrencia de un gran n\u00famero de personas a este festival para conocer la labor que se desarrolla, \u201cesperamos generar mucha conciencia y visibilizar esta problem\u00e1tica y que todos los d\u00edas la gente vaya adoptando esta tem\u00e1tica. Muchas veces somos una amenaza para la fauna silvestre y que se tenga una conducta responsable con las mascotas, se reduzca la velocidad. Esperamos vernos el 14 de febrero 2026\u201d, sentenci\u00f3.<\/p>\n<p>Por su parte el alcalde de Ancud Andr\u00e9s Ojeda asever\u00f3 que el festival del Pud\u00fa Fest nace en recuerdo de dos pud\u00faes del Centro de Chilo\u00e9 Silvestre que murieron y destac\u00f3 la calidad de expositores que hubo en la jornada.<\/p>\n<p>\u201cTuve la oportunidad de estar ah\u00ed, conoc\u00ed a esos pud\u00faes y cuando paso eso nos dio mucha tristeza. Pero hoy eso se ha vuelto felicidad y educaci\u00f3n, difusi\u00f3n y reencontrarnos hacia lo que es Chilo\u00e9, hacia lo que es la fauna silvestre y hacia nuestra flora\u201d, acot\u00f3.<\/p>\n<p>&nbsp;<\/p>\n<p>&nbsp;<\/p>\n","protected":false},"excerpt":{"rendered":"<p>Gran cantidad de vecinos y visitantes participaron del \u00a0primer festival Pud\u00fa Fest desarrollado en la Plaza de Armas de Ancud organizado por Chilo\u00e9 Silvestre, apoyado por la Corporaci\u00f3n Cultural, la Municipalidad a trav\u00e9s de la Direcci\u00f3n de Turismo y Fomento (Ditufop), La Direcci\u00f3n de Medio Ambiente, Aseo y Ornato (Dimao), cuyo objetivo busc\u00f3 visibilizar y [&hellip;]<\/p>\n","protected":false},"author":11,"featured_media":34735,"comment_status":"closed","ping_status":"closed","sticky":false,"template":"","format":"standard","meta":{"footnotes":""},"categories":[26,27,25,32,4,36],"tags":[],"class_list":["post-34734","post","type-post","status-publish","format-standard","has-post-thumbnail","hentry","category-cultura","category-dideco","category-educacion","category-medio-ambiente-aseo-y-ornato","category-sala-de-prensa","category-turismo"],"_links":{"self":[{"href":"https:\/\/www.muniancud.cl\/portal\/wp-json\/wp\/v2\/posts\/34734","targetHints":{"allow":["GET"]}}],"collection":[{"href":"https:\/\/www.muniancud.cl\/portal\/wp-json\/wp\/v2\/posts"}],"about":[{"href":"https:\/\/www.muniancud.cl\/portal\/wp-json\/wp\/v2\/types\/post"}],"author":[{"embeddable":true,"href":"https:\/\/www.muniancud.cl\/portal\/wp-json\/wp\/v2\/users\/11"}],"replies":[{"embeddable":true,"href":"https:\/\/www.muniancud.cl\/portal\/wp-json\/wp\/v2\/comments?post=34734"}],"version-history":[{"count":1,"href":"https:\/\/www.muniancud.cl\/portal\/wp-json\/wp\/v2\/posts\/34734\/revisions"}],"predecessor-version":[{"id":34736,"href":"https:\/\/www.muniancud.cl\/portal\/wp-json\/wp\/v2\/posts\/34734\/revisions\/34736"}],"wp:featuredmedia":[{"embeddable":true,"href":"https:\/\/www.muniancud.cl\/portal\/wp-json\/wp\/v2\/media\/34735"}],"wp:attachment":[{"href":"https:\/\/www.muniancud.cl\/portal\/wp-json\/wp\/v2\/media?parent=34734"}],"wp:term":[{"taxonomy":"category","embeddable":true,"href":"https:\/\/www.muniancud.cl\/portal\/wp-json\/wp\/v2\/categories?post=34734"},{"taxonomy":"post_tag","embeddable":true,"href":"https:\/\/www.muniancud.cl\/portal\/wp-json\/wp\/v2\/tags?post=34734"}],"curies":[{"name":"wp","href":"https:\/\/api.w.org\/{rel}","templated":true}]}}