{"id":34917,"date":"2025-02-27T15:33:16","date_gmt":"2025-02-27T18:33:16","guid":{"rendered":"https:\/\/www.muniancud.cl\/portal\/?p=34917"},"modified":"2025-02-27T15:33:16","modified_gmt":"2025-02-27T18:33:16","slug":"pavimentacion-de-las-calles-baquedano-sector-arena-gruesa-y-costanera-norte","status":"publish","type":"post","link":"https:\/\/www.muniancud.cl\/portal\/pavimentacion-de-las-calles-baquedano-sector-arena-gruesa-y-costanera-norte\/","title":{"rendered":"Pavimentaci\u00f3n de las calles Baquedano sector Arena Gruesa y Costanera Norte"},"content":{"rendered":"<p>Esta jornada se realiz\u00f3 la firma de convenio del proyecto de pavimentaci\u00f3n de las calles Baquedano sector Arena Gruesa y Costanera Norte, entre el alcalde de Ancud Andr\u00e9s Ojeda y el Gobernador Regional Alejandro Santana.<\/p>\n<p>Se trata de una inversi\u00f3n de $669.290.000 millones de pesos provenientes del Fondo Nacional de Desarrollo Regional (Fndr) y en los pr\u00f3ximos d\u00edas el municipio tomar\u00e1 raz\u00f3n e iniciar\u00e1 el proceso de licitaci\u00f3n.<\/p>\n<p>El alcalde de Ancud Andr\u00e9s Ojeda expres\u00f3 su satisfacci\u00f3n por la concreci\u00f3n de esta pavimentaci\u00f3n, en especial la del sector playa Arena Gruesa, iniciativa muy anhelada por la comunidad en general.<\/p>\n<p>\u201cVenimos trabajando ya hace un tiempo para acelerar estos procesos y hoy hacer esta firma de convenio con el Gobierno Regional es un hito importante. Esto nos entrega seguridad que la obra va a empezar, esperamos y estoy seguro, este a\u00f1o\u201d, apunt\u00f3.<\/p>\n<p>Sum\u00f3 el jefe comunal que estas iniciativa van en la direcci\u00f3n de potenciar a la ciudad como tur\u00edstica y mejorar la vida de los residentes dl lugar, puesto que en el invierno deben convivir con el barro y en verano con el polvo.<\/p>\n<p>En tanto, el Gobernador Regional Alejandro Santana sostuvo que estos proyectos permiten mejor conectividad y que los lugares bellos de Ancud tengan mejor acceso.<\/p>\n<p>\u201cHemos conversado con el alcalde Ojeda y la C\u00e1mara de Comercio, es importante fortalecer el fomento productivo, el desarrollo tur\u00edstico. Tenemos que ser capaces de tener una demanda permanente, quebrar la estacionalidad, que no solamente los turistas nos visiten en verano, sino que nos visiten durante todo el a\u00f1o\u201d, puntualiz\u00f3.<\/p>\n<p>El Presidente de la C\u00e1mara de Comercio de Ancud Gast\u00f3n C\u00e1rcamo, reflexion\u00f3 sobre la pavimentaci\u00f3n que les permitir\u00e1 mejorar su diario vivir y a la vez dar un mayor realce a un lugar tan visitado como es Arena Gruesa.<\/p>\n<p>\u201cAtr\u00e1s quedar\u00e1 la forma de indicarles a los turistas como llegar al lugar; Le dec\u00edamos usted sube por Baquedano donde termina el pavimento y luego entra al ripio, tiene que andar 200 metros para llegar a este atractivo tur\u00edstico. Aprovechamos de invitar a todos los turistas venir a conocer la playa\u201d, indic\u00f3 C\u00e1rcamo.<\/p>\n","protected":false},"excerpt":{"rendered":"<p>Esta jornada se realiz\u00f3 la firma de convenio del proyecto de pavimentaci\u00f3n de las calles Baquedano sector Arena Gruesa y Costanera Norte, entre el alcalde de Ancud Andr\u00e9s Ojeda y el Gobernador Regional Alejandro Santana. Se trata de una inversi\u00f3n de $669.290.000 millones de pesos provenientes del Fondo Nacional de Desarrollo Regional (Fndr) y en [&hellip;]<\/p>\n","protected":false},"author":11,"featured_media":34918,"comment_status":"closed","ping_status":"closed","sticky":false,"template":"","format":"standard","meta":{"footnotes":""},"categories":[32,4,33,36],"tags":[],"class_list":["post-34917","post","type-post","status-publish","format-standard","has-post-thumbnail","hentry","category-medio-ambiente-aseo-y-ornato","category-sala-de-prensa","category-transito","category-turismo"],"_links":{"self":[{"href":"https:\/\/www.muniancud.cl\/portal\/wp-json\/wp\/v2\/posts\/34917","targetHints":{"allow":["GET"]}}],"collection":[{"href":"https:\/\/www.muniancud.cl\/portal\/wp-json\/wp\/v2\/posts"}],"about":[{"href":"https:\/\/www.muniancud.cl\/portal\/wp-json\/wp\/v2\/types\/post"}],"author":[{"embeddable":true,"href":"https:\/\/www.muniancud.cl\/portal\/wp-json\/wp\/v2\/users\/11"}],"replies":[{"embeddable":true,"href":"https:\/\/www.muniancud.cl\/portal\/wp-json\/wp\/v2\/comments?post=34917"}],"version-history":[{"count":1,"href":"https:\/\/www.muniancud.cl\/portal\/wp-json\/wp\/v2\/posts\/34917\/revisions"}],"predecessor-version":[{"id":34919,"href":"https:\/\/www.muniancud.cl\/portal\/wp-json\/wp\/v2\/posts\/34917\/revisions\/34919"}],"wp:featuredmedia":[{"embeddable":true,"href":"https:\/\/www.muniancud.cl\/portal\/wp-json\/wp\/v2\/media\/34918"}],"wp:attachment":[{"href":"https:\/\/www.muniancud.cl\/portal\/wp-json\/wp\/v2\/media?parent=34917"}],"wp:term":[{"taxonomy":"category","embeddable":true,"href":"https:\/\/www.muniancud.cl\/portal\/wp-json\/wp\/v2\/categories?post=34917"},{"taxonomy":"post_tag","embeddable":true,"href":"https:\/\/www.muniancud.cl\/portal\/wp-json\/wp\/v2\/tags?post=34917"}],"curies":[{"name":"wp","href":"https:\/\/api.w.org\/{rel}","templated":true}]}}