{"id":34921,"date":"2025-02-27T22:37:35","date_gmt":"2025-02-28T01:37:35","guid":{"rendered":"https:\/\/www.muniancud.cl\/portal\/?p=34921"},"modified":"2025-03-15T12:36:52","modified_gmt":"2025-03-15T15:36:52","slug":"concurso-publico-profesional-apoyo-familiar-programa-fosis","status":"publish","type":"post","link":"https:\/\/www.muniancud.cl\/portal\/concurso-publico-profesional-apoyo-familiar-programa-fosis\/","title":{"rendered":"Concurso P\u00fablico \u2013 Profesional Apoyo Familiar Programa FOSIS"},"content":{"rendered":"<div class=\"wpb-content-wrapper\"><p>[vc_row][vc_column][vc_message message_box_style=\u00bbsolid\u00bb message_box_color=\u00bbjuicy_pink\u00bb css=\u00bb\u00bb]Estado del Concurso: Finalizado[\/vc_message][vc_column_text css=\u00bb\u00bb]La Municipalidad de Ancud, llama a concurso p\u00fablico de antecedentes para la provisi\u00f3n del cargo de <strong>honorario<\/strong>\u00a0de personal de este municipio que a continuaci\u00f3n se individualiza.<\/p>\n<ul class=\"td-arrow-list\">\n<li><strong>N\u00b0 de cargos :<\/strong> 1<\/li>\n<li><strong>Perfil :<\/strong>Profesionales y\/o T\u00e9cnicos, preferentemente del \u00e1rea de las ciencias sociales.<\/li>\n<li><strong>Jornada :<\/strong> Completa<\/li>\n<li><strong>Calidad :<\/strong> Honorarios<\/li>\n<li><strong>Renta bruta mensual: <\/strong>$ 1.186.400.-<\/li>\n<\/ul>\n<p>[\/vc_column_text][vc_message message_box_style=\u00bbsolid\u00bb icon_fontawesome=\u00bbfas fa-question-circle\u00bb]<strong>CONSULTAS: <\/strong>Directamente en el Departamento de Gesti\u00f3n de Personas, a trav\u00e9s del correo adriana.yanez@muniancud.cl.[\/vc_message][vc_message message_box_style=\u00bbsolid\u00bb message_box_color=\u00bbwarning\u00bb icon_fontawesome=\u00bbfas fa-calendar-alt\u00bb css=\u00bb\u00bb]<strong>RECEPCI\u00d3N DE ANTECEDENTES: <\/strong>Desde el d\u00eda <strong>27\/02\/2025 hasta 06\/03\/2025<\/strong>, en Oficina de Partes de la I. Municipalidad de Ancud, ubicada en Blanco Encalada N\u00b0 660, primer piso, en d\u00edas h\u00e1biles de Lunes a Jueves, en horario de 08:00 a 17:15 horas, y Viernes, de 08.00 a 16:15 horas. Expirado el plazo de recepci\u00f3n de antecedentes, no se recibir\u00e1 ninguna postulaci\u00f3n.[\/vc_message]<div class=\"td_block_wrap td_block_text_with_title td_uid_1_69f3e18d463e0_rand td-pb-border-top td_block_template_8\"  data-td-block-uid=\"td_uid_1_69f3e18d463e0\" ><div class=\"td-block-title-wrap\"><h4 class=\"td-block-title\"><span>Descarga de Documentos<\/span><\/h4><\/div><div class=\"td_mod_wrap td-fix-index\"><\/div><\/div>[vc_tta_accordion style=\u00bbflat\u00bb c_icon=\u00bbchevron\u00bb active_section=\u00bb1&#8243;][vc_tta_section title=\u00bbLlamado a Concurso P\u00fablico\u00bb tab_id=\u00bb1569501348920-7ae695ac-932abfc9-bf4fc965-ed33&#8243;][vc_btn title=\u00bbBases del Concurso P\u00fablico\u00bb style=\u00bbflat\u00bb color=\u00bbprimary\u00bb align=\u00bbleft\u00bb i_icon_fontawesome=\u00bbfas fa-cloud-download-alt\u00bb css=\u00bb\u00bb button_block=\u00bbtrue\u00bb add_icon=\u00bbtrue\u00bb link=\u00bburl:https%3A%2F%2Fwww.muniancud.cl%2Fportal%2Fwp-content%2Fuploads%2F2025%2F02%2FBASES-CONCURSO-PARA-DESCARGAR-APOYO-FAMILIAR-2025.pdf|target:_blank\u00bb][\/vc_tta_section][vc_tta_section title=\u00bbEtapa Entrevista\u00bb tab_id=\u00bb1642013617312-1f2aea9d-7a0bbfc9-bf4fc965-ed33&#8243;][vc_row_inner][vc_column_inner][vc_btn title=\u00bbActa Admisibilidad\u00bb style=\u00bbflat\u00bb color=\u00bbprimary\u00bb align=\u00bbleft\u00bb i_icon_fontawesome=\u00bbfas fa-cloud-download-alt\u00bb css=\u00bb\u00bb button_block=\u00bbtrue\u00bb add_icon=\u00bbtrue\u00bb link=\u00bburl:https%3A%2F%2Fwww.muniancud.cl%2Fportal%2Fwp-content%2Fuploads%2F2025%2F03%2FACTA-ADMISIBILIDAD-CONCURSO-APOYO-FAMILIAR-2025.pdf|target:_blank\u00bb][\/vc_column_inner][\/vc_row_inner][\/vc_tta_section][vc_tta_section title=\u00bbResultado\u00bb tab_id=\u00bb1642507900820-ec839523-7e7bbfc9-bf4fc965-ed33&#8243;][vc_row_inner][vc_column_inner][vc_btn title=\u00bbActa Resultado\u00bb style=\u00bbflat\u00bb color=\u00bbprimary\u00bb align=\u00bbleft\u00bb i_icon_fontawesome=\u00bbfas fa-cloud-download-alt\u00bb css=\u00bb\u00bb button_block=\u00bbtrue\u00bb add_icon=\u00bbtrue\u00bb link=\u00bburl:https%3A%2F%2Fwww.muniancud.cl%2Fportal%2Fwp-content%2Fuploads%2F2025%2F03%2FACTA-RESULTADO-CONCURSO-APOYO-FAMILIAR-2025.pdf|target:_blank\u00bb][vc_btn title=\u00bbComunicado Resultado\u00bb style=\u00bbflat\u00bb color=\u00bbprimary\u00bb align=\u00bbleft\u00bb i_icon_fontawesome=\u00bbfas fa-cloud-download-alt\u00bb css=\u00bb\u00bb button_block=\u00bbtrue\u00bb add_icon=\u00bbtrue\u00bb link=\u00bburl:https%3A%2F%2Fwww.muniancud.cl%2Fportal%2Fwp-content%2Fuploads%2F2025%2F03%2FCOMUNICADO-RESULTADO-CONCURSO-APOYO-FAMILIAR-2025.pdf|target:_blank\u00bb][\/vc_column_inner][\/vc_row_inner][\/vc_tta_section][\/vc_tta_accordion][\/vc_column][\/vc_row]<\/p>\n<\/div>","protected":false},"excerpt":{"rendered":"<p>[vc_row][vc_column][vc_message message_box_style=\u00bbsolid\u00bb message_box_color=\u00bbjuicy_pink\u00bb css=\u00bb\u00bb]Estado del Concurso: Finalizado[\/vc_message][vc_column_text css=\u00bb\u00bb]La Municipalidad de Ancud, llama a concurso p\u00fablico de antecedentes para la provisi\u00f3n del cargo de honorario\u00a0de personal de este municipio que a continuaci\u00f3n se individualiza. N\u00b0 de cargos : 1 Perfil :Profesionales y\/o T\u00e9cnicos, preferentemente del \u00e1rea de las ciencias sociales. Jornada : Completa Calidad : Honorarios [&hellip;]<\/p>\n","protected":false},"author":1,"featured_media":23109,"comment_status":"closed","ping_status":"closed","sticky":false,"template":"","format":"standard","meta":{"footnotes":""},"categories":[16],"tags":[],"class_list":["post-34921","post","type-post","status-publish","format-standard","has-post-thumbnail","hentry","category-concursos-publicos"],"_links":{"self":[{"href":"https:\/\/www.muniancud.cl\/portal\/wp-json\/wp\/v2\/posts\/34921","targetHints":{"allow":["GET"]}}],"collection":[{"href":"https:\/\/www.muniancud.cl\/portal\/wp-json\/wp\/v2\/posts"}],"about":[{"href":"https:\/\/www.muniancud.cl\/portal\/wp-json\/wp\/v2\/types\/post"}],"author":[{"embeddable":true,"href":"https:\/\/www.muniancud.cl\/portal\/wp-json\/wp\/v2\/users\/1"}],"replies":[{"embeddable":true,"href":"https:\/\/www.muniancud.cl\/portal\/wp-json\/wp\/v2\/comments?post=34921"}],"version-history":[{"count":11,"href":"https:\/\/www.muniancud.cl\/portal\/wp-json\/wp\/v2\/posts\/34921\/revisions"}],"predecessor-version":[{"id":34988,"href":"https:\/\/www.muniancud.cl\/portal\/wp-json\/wp\/v2\/posts\/34921\/revisions\/34988"}],"wp:featuredmedia":[{"embeddable":true,"href":"https:\/\/www.muniancud.cl\/portal\/wp-json\/wp\/v2\/media\/23109"}],"wp:attachment":[{"href":"https:\/\/www.muniancud.cl\/portal\/wp-json\/wp\/v2\/media?parent=34921"}],"wp:term":[{"taxonomy":"category","embeddable":true,"href":"https:\/\/www.muniancud.cl\/portal\/wp-json\/wp\/v2\/categories?post=34921"},{"taxonomy":"post_tag","embeddable":true,"href":"https:\/\/www.muniancud.cl\/portal\/wp-json\/wp\/v2\/tags?post=34921"}],"curies":[{"name":"wp","href":"https:\/\/api.w.org\/{rel}","templated":true}]}}