{"id":34928,"date":"2025-03-03T12:28:47","date_gmt":"2025-03-03T15:28:47","guid":{"rendered":"https:\/\/www.muniancud.cl\/portal\/?p=34928"},"modified":"2025-03-03T12:28:47","modified_gmt":"2025-03-03T15:28:47","slug":"estadio-fatima-lleva-nombre-de-alonso-maldonado-vargas","status":"publish","type":"post","link":"https:\/\/www.muniancud.cl\/portal\/estadio-fatima-lleva-nombre-de-alonso-maldonado-vargas\/","title":{"rendered":"Estadio F\u00e1tima lleva nombre de Alonso Maldonado Vargas"},"content":{"rendered":"<p>Con la presencia de las autoridades regionales y locales se inaugur\u00f3 el estadio F\u00e1tima con el nombre de Alonso Maldonado Vargas, m\u00e1s conocido como \u00abdon chito\u00bb un gran dirigente de esta populosa poblaci\u00f3n ancuditana.<\/p>\n<p>En la ocasi\u00f3n se realiz\u00f3 un reconocimiento a dirigentes, vecinas, j\u00f3venes deportistas, jugadores del club quienes de una u otra forma han aportado a la instituci\u00f3n.<\/p>\n<p>\u00abEstamos muy emocionado y es un d\u00eda muy importante para nuestra instituci\u00f3n. La gente ven\u00eda pidiendo desde mucho el cambio de nombre por todo lo que hizo por el club Alonso\u00bb, indic\u00f3 Sergio Erwin Maldonado Presidente del Club Deportivo F\u00e1tima.<\/p>\n<p>Por su parte, el alcalde de Ancud Andr\u00e9s Ojeda, valor\u00f3 que la propia comunidad reconozca el trabajo del dirigente Alonso Maldonado y destacando que la inauguraci\u00f3n cont\u00f3 con la presencia de un gran n\u00famero de ni\u00f1os, j\u00f3venes y adultos.<\/p>\n<p>\u201cUn club que le ha dado tanto a Ancud, est\u00e1 muy bien organizado, que genera un trabajo no solo en lo deportivo, un trabajo social, en salud preventiva y que nos ha representado muy bien, no solo en la comuna sino en la regi\u00f3n y el pa\u00eds\u201d, recalc\u00f3 Ojeda.<\/p>\n<p>Finalmente el Gobernador Regional Alejandro Santana se\u00f1al\u00f3 que el dirigente Alonso Maldonado fue el primero en proponer que un club tenga un estadio sint\u00e9tico en Chilo\u00e9.<\/p>\n<p>\u201cContento y agradecido por el cari\u00f1o de la gente y feliz por los reconocimientos y hoy se ha demostrado cari\u00f1o, emociones, simpat\u00eda y reconocimiento por el trabajo\u201d, apunt\u00f3.<\/p>\n<p>&nbsp;<\/p>\n<p>&nbsp;<\/p>\n","protected":false},"excerpt":{"rendered":"<p>Con la presencia de las autoridades regionales y locales se inaugur\u00f3 el estadio F\u00e1tima con el nombre de Alonso Maldonado Vargas, m\u00e1s conocido como \u00abdon chito\u00bb un gran dirigente de esta populosa poblaci\u00f3n ancuditana. En la ocasi\u00f3n se realiz\u00f3 un reconocimiento a dirigentes, vecinas, j\u00f3venes deportistas, jugadores del club quienes de una u otra forma [&hellip;]<\/p>\n","protected":false},"author":11,"featured_media":34929,"comment_status":"closed","ping_status":"closed","sticky":false,"template":"","format":"standard","meta":{"footnotes":""},"categories":[4,31],"tags":[],"class_list":["post-34928","post","type-post","status-publish","format-standard","has-post-thumbnail","hentry","category-sala-de-prensa","category-seguridad-publica"],"_links":{"self":[{"href":"https:\/\/www.muniancud.cl\/portal\/wp-json\/wp\/v2\/posts\/34928","targetHints":{"allow":["GET"]}}],"collection":[{"href":"https:\/\/www.muniancud.cl\/portal\/wp-json\/wp\/v2\/posts"}],"about":[{"href":"https:\/\/www.muniancud.cl\/portal\/wp-json\/wp\/v2\/types\/post"}],"author":[{"embeddable":true,"href":"https:\/\/www.muniancud.cl\/portal\/wp-json\/wp\/v2\/users\/11"}],"replies":[{"embeddable":true,"href":"https:\/\/www.muniancud.cl\/portal\/wp-json\/wp\/v2\/comments?post=34928"}],"version-history":[{"count":1,"href":"https:\/\/www.muniancud.cl\/portal\/wp-json\/wp\/v2\/posts\/34928\/revisions"}],"predecessor-version":[{"id":34930,"href":"https:\/\/www.muniancud.cl\/portal\/wp-json\/wp\/v2\/posts\/34928\/revisions\/34930"}],"wp:featuredmedia":[{"embeddable":true,"href":"https:\/\/www.muniancud.cl\/portal\/wp-json\/wp\/v2\/media\/34929"}],"wp:attachment":[{"href":"https:\/\/www.muniancud.cl\/portal\/wp-json\/wp\/v2\/media?parent=34928"}],"wp:term":[{"taxonomy":"category","embeddable":true,"href":"https:\/\/www.muniancud.cl\/portal\/wp-json\/wp\/v2\/categories?post=34928"},{"taxonomy":"post_tag","embeddable":true,"href":"https:\/\/www.muniancud.cl\/portal\/wp-json\/wp\/v2\/tags?post=34928"}],"curies":[{"name":"wp","href":"https:\/\/api.w.org\/{rel}","templated":true}]}}