{"id":35077,"date":"2025-04-04T17:21:21","date_gmt":"2025-04-04T20:21:21","guid":{"rendered":"https:\/\/www.muniancud.cl\/portal\/?p=35077"},"modified":"2025-04-04T17:21:21","modified_gmt":"2025-04-04T20:21:21","slug":"capacitacion-fondo-comunidad-2025-en-ancud","status":"publish","type":"post","link":"https:\/\/www.muniancud.cl\/portal\/capacitacion-fondo-comunidad-2025-en-ancud\/","title":{"rendered":"Capacitaci\u00f3n Fondo Comunidad 2025 en Ancud"},"content":{"rendered":"<p>\u201cEl Fondo Comunidad 2025\u201d es un fondo concursable que financia proyectos de inter\u00e9s regional y\u00a0puede estar asociado a la prevenci\u00f3n del delito, la cultura, el deporte, el medio ambiente y m\u00e1s.<\/p>\n<p>Por lo mismo, hubo una gran convocatoria e inter\u00e9s de vecinos y representantes de organizaciones en la capacitaci\u00f3n del Fondo Comunidad 2025 del Gobierno Regional\u00a0 desarrollado en el Teatro Municipal Mauricio de La Parra Ancud durante la jornada de este viernes.<\/p>\n<p>En la actividad estuvieron presentes representantes y funcionarios del <strong><a href=\"https:\/\/www.facebook.com\/GoreLosLagosOficial?__cft__%5b0%5d=AZWLHTkU63cGChSeR1nNJ2aQsgyStufv9EDtp0D5oFU5S3MHdmJJe9qvYMQdGLZwefV50RuTCAEoi0KaefqcZB65z7fYlkbM5Wj6aWmt8fX_fJA-yyzqVWlOvlI_WYMX1LFj4R6gS5n3jRCy3iWFdVT2RK9soRvW5M-Ksk2ab5WwXRg0yU7dtfI4fZNMH9KGASNEW-j5wDl0X024D_VV3_x6LWcIY8VUswoDqJLH_q6h-A&amp;__tn__=-%5dK-R\">Gobierno Regional de Los Lagos<\/a><\/strong>, al alcalde de Ancud Andr\u00e9s Ojeda, los Concejales Javier C\u00e1rdenas y Jaime Chepillo y Ruth Caicheo Coordinadora de Dideco.<\/p>\n<p>\u201cNos hemos preparado para que nuestras unidades de Dideco, con \u00e9nfasis en organizaciones comunitarias podamos acompa\u00f1ar en este proceso de postulaci\u00f3n, entendiendo la importancia de los recursos y proyectos para nuestras organizaciones. Agradecimientos espaciales a los representantes y funcionarios del <strong><a href=\"https:\/\/www.facebook.com\/GoreLosLagosOficial?__cft__%5b0%5d=AZX3RwVYbdDd8zXHS--rPoDqNjIJtzqEWfIAGgMCrRBlpeJ6nMdRszKsZ4HkqXQ66tTKCaqCdkgb1246ImRp1guFZBA2Ql2_rDgvlv-FjNWlNBpDAudLKNLU2djJRcTT5QK_8mdgqMLwkWIcHlolJWGIafm4Xr6eKDvi1a_IN4ox9OZztveRoYP1rxWzK9s874I&amp;__tn__=-%5dK-R\">Gobierno Regional de Los Lagos<\/a><\/strong> y a nuestros funcionarios municipales\u201d, puntualiz\u00f3 el edil ancuditano.<\/p>\n<p><img loading=\"lazy\" decoding=\"async\" class=\"alignnone size-full wp-image-35079\" src=\"https:\/\/www.muniancud.cl\/portal\/wp-content\/uploads\/2025\/04\/488255974_10237011983182424_4458860601567281023_n.jpg\" alt=\"\" width=\"2048\" height=\"1366\" srcset=\"https:\/\/www.muniancud.cl\/portal\/wp-content\/uploads\/2025\/04\/488255974_10237011983182424_4458860601567281023_n.jpg 2048w, https:\/\/www.muniancud.cl\/portal\/wp-content\/uploads\/2025\/04\/488255974_10237011983182424_4458860601567281023_n-300x200.jpg 300w, https:\/\/www.muniancud.cl\/portal\/wp-content\/uploads\/2025\/04\/488255974_10237011983182424_4458860601567281023_n-1024x683.jpg 1024w, https:\/\/www.muniancud.cl\/portal\/wp-content\/uploads\/2025\/04\/488255974_10237011983182424_4458860601567281023_n-768x512.jpg 768w, https:\/\/www.muniancud.cl\/portal\/wp-content\/uploads\/2025\/04\/488255974_10237011983182424_4458860601567281023_n-1536x1025.jpg 1536w, https:\/\/www.muniancud.cl\/portal\/wp-content\/uploads\/2025\/04\/488255974_10237011983182424_4458860601567281023_n-696x464.jpg 696w, https:\/\/www.muniancud.cl\/portal\/wp-content\/uploads\/2025\/04\/488255974_10237011983182424_4458860601567281023_n-1068x712.jpg 1068w, https:\/\/www.muniancud.cl\/portal\/wp-content\/uploads\/2025\/04\/488255974_10237011983182424_4458860601567281023_n-630x420.jpg 630w, https:\/\/www.muniancud.cl\/portal\/wp-content\/uploads\/2025\/04\/488255974_10237011983182424_4458860601567281023_n-1920x1281.jpg 1920w\" sizes=\"auto, (max-width: 2048px) 100vw, 2048px\" \/><\/p>\n","protected":false},"excerpt":{"rendered":"<p>\u201cEl Fondo Comunidad 2025\u201d es un fondo concursable que financia proyectos de inter\u00e9s regional y\u00a0puede estar asociado a la prevenci\u00f3n del delito, la cultura, el deporte, el medio ambiente y m\u00e1s. Por lo mismo, hubo una gran convocatoria e inter\u00e9s de vecinos y representantes de organizaciones en la capacitaci\u00f3n del Fondo Comunidad 2025 del Gobierno [&hellip;]<\/p>\n","protected":false},"author":11,"featured_media":35078,"comment_status":"closed","ping_status":"closed","sticky":false,"template":"","format":"standard","meta":{"footnotes":""},"categories":[26,27,4,36],"tags":[],"class_list":["post-35077","post","type-post","status-publish","format-standard","has-post-thumbnail","hentry","category-cultura","category-dideco","category-sala-de-prensa","category-turismo"],"_links":{"self":[{"href":"https:\/\/www.muniancud.cl\/portal\/wp-json\/wp\/v2\/posts\/35077","targetHints":{"allow":["GET"]}}],"collection":[{"href":"https:\/\/www.muniancud.cl\/portal\/wp-json\/wp\/v2\/posts"}],"about":[{"href":"https:\/\/www.muniancud.cl\/portal\/wp-json\/wp\/v2\/types\/post"}],"author":[{"embeddable":true,"href":"https:\/\/www.muniancud.cl\/portal\/wp-json\/wp\/v2\/users\/11"}],"replies":[{"embeddable":true,"href":"https:\/\/www.muniancud.cl\/portal\/wp-json\/wp\/v2\/comments?post=35077"}],"version-history":[{"count":1,"href":"https:\/\/www.muniancud.cl\/portal\/wp-json\/wp\/v2\/posts\/35077\/revisions"}],"predecessor-version":[{"id":35080,"href":"https:\/\/www.muniancud.cl\/portal\/wp-json\/wp\/v2\/posts\/35077\/revisions\/35080"}],"wp:featuredmedia":[{"embeddable":true,"href":"https:\/\/www.muniancud.cl\/portal\/wp-json\/wp\/v2\/media\/35078"}],"wp:attachment":[{"href":"https:\/\/www.muniancud.cl\/portal\/wp-json\/wp\/v2\/media?parent=35077"}],"wp:term":[{"taxonomy":"category","embeddable":true,"href":"https:\/\/www.muniancud.cl\/portal\/wp-json\/wp\/v2\/categories?post=35077"},{"taxonomy":"post_tag","embeddable":true,"href":"https:\/\/www.muniancud.cl\/portal\/wp-json\/wp\/v2\/tags?post=35077"}],"curies":[{"name":"wp","href":"https:\/\/api.w.org\/{rel}","templated":true}]}}