{"id":35097,"date":"2025-04-10T17:36:07","date_gmt":"2025-04-10T21:36:07","guid":{"rendered":"https:\/\/www.muniancud.cl\/portal\/?p=35097"},"modified":"2025-04-10T19:23:09","modified_gmt":"2025-04-10T23:23:09","slug":"reunion-mesa-turismo-ancud","status":"publish","type":"post","link":"https:\/\/www.muniancud.cl\/portal\/reunion-mesa-turismo-ancud\/","title":{"rendered":"Reuni\u00f3n Mesa Turismo Ancud"},"content":{"rendered":"<p>Se desarroll\u00f3 en Ancud la Mesa de Turismo correspondiente al mes de abril con representantes del \u00e1rea y con la presencia del Concejal Pablo Vargas.<\/p>\n<p>En la ocasi\u00f3n, Nicol Gonz\u00e1lez Encargada del programa Calle, expuso sobre los aspectos de las personas en situaci\u00f3n de calle y como trabajan el tema en Ancud.<\/p>\n<p>En tanto Rebecca R\u00edos, representante de Sernatur, inform\u00f3 sobre los viajes que organiza esta instituci\u00f3n para familias, as\u00ed como de la tercera edad y de c\u00f3mo la ciudad de Ancud se ha convertido en un buen destino tur\u00edstico para estos viajes.<\/p>\n<p>Claudio Thimeos de la Oficina de Turismo Municipal present\u00f3 estad\u00edsticas de visita recopiladas en las principales oficinas de turismo de la ciudad entre los meses de diciembre a fines de febrero 2025, donde se analiz\u00f3 el n\u00famero de visitantes, rango de edades y porqu\u00e9 visitan la comuna. Seg\u00fan las estad\u00edsticas Ancud tuvo un\u00a0repunte con respecto al a\u00f1o pasado, destacando el aumento\u00a0de turistas argentinos y en el tiempo de pernoctaci\u00f3n en\u00a0la ciudad.<\/p>\n<p>La Mesa Turismo cre\u00f3 comisiones de \u00abpromoci\u00f3n y ferias\u00bb para trabajar en conjunto con el municipio local que busca apoyar estas iniciativas en el a\u00f1o y estrategias de marketing para potenciar el turismo en la comuna. As\u00ed mismo, se cre\u00f3 una comisi\u00f3n para una figura legal que les permita constituirse como una organizaci\u00f3n y as\u00ed postular a proyectos, realizar otras actividades e impulsar iniciativas.<\/p>\n<p>Finalmente la Mesa de Turismo propuso ser una Mesa m\u00e1s activa que proponga ideas, que tenga tareas y las ejecuten, ver las fortalezas y las debilidades para saber en qu\u00e9 puede mejorar la ciudad tur\u00edsticamente.<\/p>\n<p><img loading=\"lazy\" decoding=\"async\" class=\"alignnone size-full wp-image-35099\" src=\"https:\/\/www.muniancud.cl\/portal\/wp-content\/uploads\/2025\/04\/image.jpg\" alt=\"\" width=\"1280\" height=\"720\" srcset=\"https:\/\/www.muniancud.cl\/portal\/wp-content\/uploads\/2025\/04\/image.jpg 1280w, https:\/\/www.muniancud.cl\/portal\/wp-content\/uploads\/2025\/04\/image-300x169.jpg 300w, https:\/\/www.muniancud.cl\/portal\/wp-content\/uploads\/2025\/04\/image-1024x576.jpg 1024w, https:\/\/www.muniancud.cl\/portal\/wp-content\/uploads\/2025\/04\/image-768x432.jpg 768w, https:\/\/www.muniancud.cl\/portal\/wp-content\/uploads\/2025\/04\/image-696x392.jpg 696w, https:\/\/www.muniancud.cl\/portal\/wp-content\/uploads\/2025\/04\/image-1068x601.jpg 1068w, https:\/\/www.muniancud.cl\/portal\/wp-content\/uploads\/2025\/04\/image-747x420.jpg 747w\" sizes=\"auto, (max-width: 1280px) 100vw, 1280px\" \/><\/p>\n<p>&nbsp;<\/p>\n<p>&nbsp;<\/p>\n","protected":false},"excerpt":{"rendered":"<p>Se desarroll\u00f3 en Ancud la Mesa de Turismo correspondiente al mes de abril con representantes del \u00e1rea y con la presencia del Concejal Pablo Vargas. En la ocasi\u00f3n, Nicol Gonz\u00e1lez Encargada del programa Calle, expuso sobre los aspectos de las personas en situaci\u00f3n de calle y como trabajan el tema en Ancud. En tanto Rebecca [&hellip;]<\/p>\n","protected":false},"author":11,"featured_media":35098,"comment_status":"closed","ping_status":"closed","sticky":false,"template":"","format":"standard","meta":{"footnotes":""},"categories":[34,4,1,36],"tags":[],"class_list":["post-35097","post","type-post","status-publish","format-standard","has-post-thumbnail","hentry","category-ditufop","category-sala-de-prensa","category-sin-categoria","category-turismo"],"_links":{"self":[{"href":"https:\/\/www.muniancud.cl\/portal\/wp-json\/wp\/v2\/posts\/35097","targetHints":{"allow":["GET"]}}],"collection":[{"href":"https:\/\/www.muniancud.cl\/portal\/wp-json\/wp\/v2\/posts"}],"about":[{"href":"https:\/\/www.muniancud.cl\/portal\/wp-json\/wp\/v2\/types\/post"}],"author":[{"embeddable":true,"href":"https:\/\/www.muniancud.cl\/portal\/wp-json\/wp\/v2\/users\/11"}],"replies":[{"embeddable":true,"href":"https:\/\/www.muniancud.cl\/portal\/wp-json\/wp\/v2\/comments?post=35097"}],"version-history":[{"count":2,"href":"https:\/\/www.muniancud.cl\/portal\/wp-json\/wp\/v2\/posts\/35097\/revisions"}],"predecessor-version":[{"id":35103,"href":"https:\/\/www.muniancud.cl\/portal\/wp-json\/wp\/v2\/posts\/35097\/revisions\/35103"}],"wp:featuredmedia":[{"embeddable":true,"href":"https:\/\/www.muniancud.cl\/portal\/wp-json\/wp\/v2\/media\/35098"}],"wp:attachment":[{"href":"https:\/\/www.muniancud.cl\/portal\/wp-json\/wp\/v2\/media?parent=35097"}],"wp:term":[{"taxonomy":"category","embeddable":true,"href":"https:\/\/www.muniancud.cl\/portal\/wp-json\/wp\/v2\/categories?post=35097"},{"taxonomy":"post_tag","embeddable":true,"href":"https:\/\/www.muniancud.cl\/portal\/wp-json\/wp\/v2\/tags?post=35097"}],"curies":[{"name":"wp","href":"https:\/\/api.w.org\/{rel}","templated":true}]}}