{"id":35136,"date":"2025-04-15T10:55:39","date_gmt":"2025-04-15T14:55:39","guid":{"rendered":"https:\/\/www.muniancud.cl\/portal\/?p=35136"},"modified":"2025-04-15T10:55:39","modified_gmt":"2025-04-15T14:55:39","slug":"retiro-voluntario-funcionario-municipal","status":"publish","type":"post","link":"https:\/\/www.muniancud.cl\/portal\/retiro-voluntario-funcionario-municipal\/","title":{"rendered":"Retiro voluntario funcionario municipal"},"content":{"rendered":"<p>Sentidas palabras entreg\u00f3 en su \u00faltima jornada el Funcionario Municipal Julio Alberto Bahamonde Reyes que se acogi\u00f3 a retiro voluntario despu\u00e9s de 46 a\u00f1os de servicio P\u00fablico.<\/p>\n<p>\u201cLe doy gracias a Dios por haberme permitido estar en el municipio. Hoy d\u00eda se acaba un ciclo, se acaba la pel\u00edcula para m\u00ed, la obra se termina, se baja el tel\u00f3n, ser\u00e1n otros los actores que continuar\u00e1n con la obra\u201d, acot\u00f3.<\/p>\n<p>Agregando que, \u201csolo decirles que se esfuercen, que trabajen, intenten lo mejor posible entregar servicio para la gente de Ancud porque esta ciudad necesita ser levantada. Le doy gracias a mi familia que estuvo en la buenas y en las conmigo, muchas gracias a todos, les bendigo y hasta siempre\u201d, finaliz\u00f3.<\/p>\n<p>Julio Bahamonde Reyes, fue funcionario de Planta del escalaf\u00f3n Administrativo Grado 11\u00b0 de la EMS. Ingres\u00f3 a la planta de personal el 01 de febrero de 1979, cumpliendo m\u00e1s de 46 a\u00f1os de servicios en dicha calidad, antes en 1976 se desempe\u00f1\u00f3 en este municipio a trav\u00e9s de los Programas de Absorci\u00f3n de Cesant\u00eda de la \u00e9poca, Plan de Empleo M\u00ednimo (P.E.M).<\/p>\n<p>A su ingreso, se desempe\u00f1\u00f3 por muchos a\u00f1os en la Oficina de Partes, luego en Organizaciones Comunitarias, Juzgado de Polic\u00eda Local, Direcci\u00f3n de Tr\u00e1nsito, Alcald\u00eda y por m\u00e1s de dos a\u00f1os en la Direcci\u00f3n de Personal de la \u00e9poca.<\/p>\n<p>Despu\u00e9s pas\u00f3 a cumplir funciones en la denominada Direcci\u00f3n de Fomento Productivo de ese entonces, culminando sus labores en la Direcci\u00f3n de Tr\u00e1nsito, habiendo ejercido en varias de estas unidades un rol de Encargado o Director subrogante.<\/p>\n<p><img loading=\"lazy\" decoding=\"async\" class=\"alignnone size-full wp-image-35138\" src=\"https:\/\/www.muniancud.cl\/portal\/wp-content\/uploads\/2025\/04\/82c1b0cf-6f4a-43b8-a5b9-d0a6c3c73ee3-scaled.jpg\" alt=\"\" width=\"2560\" height=\"1920\" srcset=\"https:\/\/www.muniancud.cl\/portal\/wp-content\/uploads\/2025\/04\/82c1b0cf-6f4a-43b8-a5b9-d0a6c3c73ee3-scaled.jpg 2560w, https:\/\/www.muniancud.cl\/portal\/wp-content\/uploads\/2025\/04\/82c1b0cf-6f4a-43b8-a5b9-d0a6c3c73ee3-300x225.jpg 300w, https:\/\/www.muniancud.cl\/portal\/wp-content\/uploads\/2025\/04\/82c1b0cf-6f4a-43b8-a5b9-d0a6c3c73ee3-1024x768.jpg 1024w, https:\/\/www.muniancud.cl\/portal\/wp-content\/uploads\/2025\/04\/82c1b0cf-6f4a-43b8-a5b9-d0a6c3c73ee3-768x576.jpg 768w, https:\/\/www.muniancud.cl\/portal\/wp-content\/uploads\/2025\/04\/82c1b0cf-6f4a-43b8-a5b9-d0a6c3c73ee3-1536x1152.jpg 1536w, https:\/\/www.muniancud.cl\/portal\/wp-content\/uploads\/2025\/04\/82c1b0cf-6f4a-43b8-a5b9-d0a6c3c73ee3-2048x1536.jpg 2048w, https:\/\/www.muniancud.cl\/portal\/wp-content\/uploads\/2025\/04\/82c1b0cf-6f4a-43b8-a5b9-d0a6c3c73ee3-80x60.jpg 80w, https:\/\/www.muniancud.cl\/portal\/wp-content\/uploads\/2025\/04\/82c1b0cf-6f4a-43b8-a5b9-d0a6c3c73ee3-265x198.jpg 265w, https:\/\/www.muniancud.cl\/portal\/wp-content\/uploads\/2025\/04\/82c1b0cf-6f4a-43b8-a5b9-d0a6c3c73ee3-696x522.jpg 696w, https:\/\/www.muniancud.cl\/portal\/wp-content\/uploads\/2025\/04\/82c1b0cf-6f4a-43b8-a5b9-d0a6c3c73ee3-1068x801.jpg 1068w, https:\/\/www.muniancud.cl\/portal\/wp-content\/uploads\/2025\/04\/82c1b0cf-6f4a-43b8-a5b9-d0a6c3c73ee3-560x420.jpg 560w, https:\/\/www.muniancud.cl\/portal\/wp-content\/uploads\/2025\/04\/82c1b0cf-6f4a-43b8-a5b9-d0a6c3c73ee3-1920x1440.jpg 1920w\" sizes=\"auto, (max-width: 2560px) 100vw, 2560px\" \/><\/p>\n","protected":false},"excerpt":{"rendered":"<p>Sentidas palabras entreg\u00f3 en su \u00faltima jornada el Funcionario Municipal Julio Alberto Bahamonde Reyes que se acogi\u00f3 a retiro voluntario despu\u00e9s de 46 a\u00f1os de servicio P\u00fablico. \u201cLe doy gracias a Dios por haberme permitido estar en el municipio. Hoy d\u00eda se acaba un ciclo, se acaba la pel\u00edcula para m\u00ed, la obra se termina, [&hellip;]<\/p>\n","protected":false},"author":11,"featured_media":35137,"comment_status":"closed","ping_status":"closed","sticky":false,"template":"","format":"standard","meta":{"footnotes":""},"categories":[27,4],"tags":[],"class_list":["post-35136","post","type-post","status-publish","format-standard","has-post-thumbnail","hentry","category-dideco","category-sala-de-prensa"],"_links":{"self":[{"href":"https:\/\/www.muniancud.cl\/portal\/wp-json\/wp\/v2\/posts\/35136","targetHints":{"allow":["GET"]}}],"collection":[{"href":"https:\/\/www.muniancud.cl\/portal\/wp-json\/wp\/v2\/posts"}],"about":[{"href":"https:\/\/www.muniancud.cl\/portal\/wp-json\/wp\/v2\/types\/post"}],"author":[{"embeddable":true,"href":"https:\/\/www.muniancud.cl\/portal\/wp-json\/wp\/v2\/users\/11"}],"replies":[{"embeddable":true,"href":"https:\/\/www.muniancud.cl\/portal\/wp-json\/wp\/v2\/comments?post=35136"}],"version-history":[{"count":1,"href":"https:\/\/www.muniancud.cl\/portal\/wp-json\/wp\/v2\/posts\/35136\/revisions"}],"predecessor-version":[{"id":35139,"href":"https:\/\/www.muniancud.cl\/portal\/wp-json\/wp\/v2\/posts\/35136\/revisions\/35139"}],"wp:featuredmedia":[{"embeddable":true,"href":"https:\/\/www.muniancud.cl\/portal\/wp-json\/wp\/v2\/media\/35137"}],"wp:attachment":[{"href":"https:\/\/www.muniancud.cl\/portal\/wp-json\/wp\/v2\/media?parent=35136"}],"wp:term":[{"taxonomy":"category","embeddable":true,"href":"https:\/\/www.muniancud.cl\/portal\/wp-json\/wp\/v2\/categories?post=35136"},{"taxonomy":"post_tag","embeddable":true,"href":"https:\/\/www.muniancud.cl\/portal\/wp-json\/wp\/v2\/tags?post=35136"}],"curies":[{"name":"wp","href":"https:\/\/api.w.org\/{rel}","templated":true}]}}